{"id":1299,"date":"2011-10-02T17:41:02","date_gmt":"2011-10-02T17:41:02","guid":{"rendered":"http:\/\/www.atletica75.it\/?p=1299"},"modified":"2011-10-02T17:41:02","modified_gmt":"2011-10-02T17:41:02","slug":"una-domenica-da-ricordare","status":"publish","type":"post","link":"https:\/\/www.atletica75.it\/wp2\/2011\/10\/02\/una-domenica-da-ricordare\/","title":{"rendered":"Una domenica da ricordare"},"content":{"rendered":"<p><a href=\"https:\/\/www.atletica75.it\/wp2\/wp-content\/uploads\/2011\/10\/IMG_0092-scaled-1.jpg\"><img decoding=\"async\" loading=\"lazy\" class=\"alignleft size-medium wp-image-1307\" title=\"IMG_0092\" src=\"https:\/\/www.atletica75.it\/wp1\/wp-content\/uploads\/2011\/10\/IMG_0092-225x300.jpg\" alt=\"\" width=\"225\" height=\"300\" \/><\/a>Vissuta con le pareti a mattoncini stile anni 70,\u00a0densa di ricordi per alcune ex ginnaste degli anni 80\/90 sedute in tribuna,\u00a0splendida e attrezzatissima per la schiera di valorosi tecnici a bordo pedana, emozionante per le\u00a0tante ginnaste in gara oggi. La palestra di Rimini (ex Romeo Neri)\u00a0interamente\u00a0dedicata alla ginnastica artistica gestita dalla Polisportiva Celle ha riservato un bel trattamento alla Serie C &#8211; fase regionale, competizione a squadre di livello che vedeva pi\u00f9 di 30 compagini al via a contendersi il titolo.<\/p>\n<p>Nella lista di iscrizione compariva anche l&#8217;Atletica 75 Cattolica grazie\u00a0alle nostre Giulia Santoni, Giorgia e Jessica Dini. Occasione importante per dimostrare ancora una volta il\u00a0loro valore e cercare di scalare la vetta della classifica finale.\u00a0<\/p>\n<p>Il primo turno di gara delle 9,15 dice che le nostre bimbe\u00a0inizieranno la rotazione\u00a0dalle parallele. Senza intoppi gli esercizi di Giulia, Giorgia e Jessica che mostrano calma e sicurezza in passaggi\u00a0spettacolari come la &#8220;granvolta&#8221;,<!--more-->\u00a0esercizi ancora\u00a0migliorabili dal punto di vista della fluidit\u00e0 di esecuzione; punteggi\u00a0buoni\u00a0spuntano dal tavolo di giuria.\u00a0Cambio attrezzo e si va alla trave, la pi\u00f9 temuta. Infatti lo sguardo delle bimbe si fa serio e concentrato:\u00a0Jessica comincia l&#8217;esercizio con un&#8217;ottima entrata di\u00a0&#8220;forza&#8221;, esegue la sequenza con qualche piccola sbavatura ma gestisce bene la tensione per poi uscire con un buon salto avvitato; Giulia sembra la\u00a0meno intimorita, sale\u00a0determinata e prova\u00a0la difficile\u00a0rondata &#8211; salto dietro, cade ma non si perde d&#8217;animo e conclude senza errori l&#8217;esercizio; Giorgia \u00e8 l&#8217;utlima a\u00a0dover salire,\u00a0il\u00a0profondo respiro si\u00a0sente anche dagli spalti,\u00a0serie buona di salti, serie di flik flak, purtroppo cade dalla ruota senza mani, risale e si libera finendo\u00a0anche lei con l&#8217;avvitamento. Ora la strada \u00e8 in discesca, si passa al corpo libero. Pochi minuti di riscaldamento specifico e\u00a0le\u00a0nostre atlete eseguono il proprio pezzo con estrema tranquillit\u00e0 e precisione, diagonali\u00a0ottime e\u00a0parte coreografica discreta, applausi dalle tribune. Si prende un p\u00f2 fiato poi l&#8217;ultima fatica, il volteggio, che quest&#8217;oggi prevede da regolamento i tappetoni e non il classico cavallo\/tavola. Due salti a testa,\u00a0ribaltata e rondata &#8211; flik. Spinte molto efficaci sulla pedana e direzioni quasi perfette nonostante rincorse ancora un p\u00f2 approssimative (ndr). Il punteggio totale parla chiaro soprattutto per gli addetti ai lavori, 185,350. La felicit\u00e0 \u00e8 immensa,\u00a02 piazza\u00a0su 32 squadre!\u00a0Con pochissimo scarto di punti\u00a0dalla prima posizione occupata dalla fortissima Coop Consumatori Nord Est di Parma.\u00a0E&#8217; davvero un risultato di spessore per una piccola realt\u00e0 come la nostra che ha per\u00f2 un grande cuore dentro,\u00a0una passione che supera ogni\u00a0problema quotidiano.<\/p>\n<p>Ora il pensiero va alle ginnaste che scenderanno in pedana domenica prossima, il 9 ottobre a Cesena, pronte per i Campionati di Specialit\u00e0, altre ginnaste che sono parte integrante della nostra famiglia\u00a0e per cui\u00a0faremo tutti\u00a0un tifo sfrenato. Ora tocca a voi. In bocca al lupo.<\/p>\n<p>[nggallery id=44]<\/p>\n","protected":false},"excerpt":{"rendered":"<p>Vissuta con le pareti a mattoncini stile anni 70,\u00a0densa di ricordi per alcune ex ginnaste degli anni 80\/90 sedute in tribuna,\u00a0splendida e attrezzatissima per la schiera di valorosi tecnici a bordo pedana, emozionante per le\u00a0tante ginnaste in gara oggi. La palestra di Rimini (ex Romeo Neri)\u00a0interamente\u00a0dedicata alla ginnastica artistica gestita dalla Polisportiva Celle ha riservato [&hellip;]<\/p>\n","protected":false},"author":2,"featured_media":0,"comment_status":"closed","ping_status":"open","sticky":false,"template":"","format":"standard","meta":{"_et_pb_use_builder":"","_et_pb_old_content":"","_et_gb_content_width":"","footnotes":""},"categories":[13],"tags":[],"_links":{"self":[{"href":"https:\/\/www.atletica75.it\/wp2\/wp-json\/wp\/v2\/posts\/1299"}],"collection":[{"href":"https:\/\/www.atletica75.it\/wp2\/wp-json\/wp\/v2\/posts"}],"about":[{"href":"https:\/\/www.atletica75.it\/wp2\/wp-json\/wp\/v2\/types\/post"}],"author":[{"embeddable":true,"href":"https:\/\/www.atletica75.it\/wp2\/wp-json\/wp\/v2\/users\/2"}],"replies":[{"embeddable":true,"href":"https:\/\/www.atletica75.it\/wp2\/wp-json\/wp\/v2\/comments?post=1299"}],"version-history":[{"count":0,"href":"https:\/\/www.atletica75.it\/wp2\/wp-json\/wp\/v2\/posts\/1299\/revisions"}],"wp:attachment":[{"href":"https:\/\/www.atletica75.it\/wp2\/wp-json\/wp\/v2\/media?parent=1299"}],"wp:term":[{"taxonomy":"category","embeddable":true,"href":"https:\/\/www.atletica75.it\/wp2\/wp-json\/wp\/v2\/categories?post=1299"},{"taxonomy":"post_tag","embeddable":true,"href":"https:\/\/www.atletica75.it\/wp2\/wp-json\/wp\/v2\/tags?post=1299"}],"curies":[{"name":"wp","href":"https:\/\/api.w.org\/{rel}","templated":true}]}}