{"id":1466,"date":"2011-12-05T14:11:52","date_gmt":"2011-12-05T14:11:52","guid":{"rendered":"http:\/\/www.atletica75.it\/?p=1466"},"modified":"2011-12-05T14:11:52","modified_gmt":"2011-12-05T14:11:52","slug":"jesolo-porta-fortuna","status":"publish","type":"post","link":"https:\/\/www.atletica75.it\/wp2\/2011\/12\/05\/jesolo-porta-fortuna\/","title":{"rendered":"Jesolo porta fortuna!!!"},"content":{"rendered":"<p><a href=\"https:\/\/www.atletica75.it\/wp2\/wp-content\/uploads\/2011\/10\/IMG_0092-scaled-1.jpg\"><img decoding=\"async\" loading=\"lazy\" class=\"alignleft size-medium wp-image-1307\" title=\"IMG_0092\" src=\"https:\/\/www.atletica75.it\/wp1\/wp-content\/uploads\/2011\/10\/IMG_0092-225x300.jpg\" alt=\"\" width=\"225\" height=\"300\" \/><\/a>Solo 56 giorni fa la citt\u00e0 di Jesolo era testimone, tra gli altri, di un&#8217;inatteso terzo gradino del podio in una manifestazione\u00a0tricolore di alto livello per l&#8217;Atletica 75 ad opera di Elena Gattei nel salto con l&#8217;asta. Ieri la magia sul suolo\u00a0veneto si \u00e8 ripetuta, questa volta\u00a0nel calore\u00a0di uno splendido impianto allestito per la ginnastica artistica in occasione della Serie C nazionale, il crocevia di tante ginnaste che ora vestono la divisa azzurra. L&#8217;agguerrita compagine biancazzurra formata da Giulia, Giorgia e Jessica \u00e8 scesa in campo gara gi\u00e0\u00a0il sabato\u00a0per le qualificazioni che, come accade in ogni evento nazionale, hanno il compito di scremare le sfidanti e decretare le finaliste (in questo caso 20 squadre) che si giocheranno il titolo nella gara vera e propria.\u00a0Noi quella\u00a0finale l&#8217;abbiamo conquistata con merito, registrando un 19esimo posto che significa tanto per una societ\u00e0 piccola come la <!--more-->nostra. Alla vigilia un briciolo di speranza di entrare nelle 20 era presente considerato l&#8217;esito dei gironi regionali ma era altrettanto difficile confermarsi. Per\u00f2 nello sport &#8220;ogni competizione \u00e8 a s\u00e8&#8221; e tutto pu\u00f2 accadere, esistono i favoriti, gli outsider, i campioni in carica, tutti se la &#8220;giocano&#8221; al massimo delle proprie forze; per le 3 ragazze cattolichine\u00a0si \u00e8 avverato dunque il desiderio di confrontarsi con le migliori e di ricavarsi un posticino al sole. Jesolo resta immancabilmente un\u00a0grosso traguardo raggiunto ma deve essere soprattutto un punto di partenza\u00a0verso obiettivi ora non pi\u00f9 cos\u00ec velleitari. La serie B del 2012 \u00e8 gi\u00e0 dietro l&#8217;angolo.<\/p>\n<p>Un BRAVO agli allenatori, un BRAVISSIMA a Giulia, Giorgia e Jessica e un immenso GRAZIE alla societ\u00e0 che ha permesso tutto ci\u00f2.<\/p>\n","protected":false},"excerpt":{"rendered":"<p>Solo 56 giorni fa la citt\u00e0 di Jesolo era testimone, tra gli altri, di un&#8217;inatteso terzo gradino del podio in una manifestazione\u00a0tricolore di alto livello per l&#8217;Atletica 75 ad opera di Elena Gattei nel salto con l&#8217;asta. Ieri la magia sul suolo\u00a0veneto si \u00e8 ripetuta, questa volta\u00a0nel calore\u00a0di uno splendido impianto allestito per la ginnastica [&hellip;]<\/p>\n","protected":false},"author":2,"featured_media":0,"comment_status":"closed","ping_status":"open","sticky":false,"template":"","format":"standard","meta":{"_et_pb_use_builder":"","_et_pb_old_content":"","_et_gb_content_width":"","footnotes":""},"categories":[13],"tags":[],"_links":{"self":[{"href":"https:\/\/www.atletica75.it\/wp2\/wp-json\/wp\/v2\/posts\/1466"}],"collection":[{"href":"https:\/\/www.atletica75.it\/wp2\/wp-json\/wp\/v2\/posts"}],"about":[{"href":"https:\/\/www.atletica75.it\/wp2\/wp-json\/wp\/v2\/types\/post"}],"author":[{"embeddable":true,"href":"https:\/\/www.atletica75.it\/wp2\/wp-json\/wp\/v2\/users\/2"}],"replies":[{"embeddable":true,"href":"https:\/\/www.atletica75.it\/wp2\/wp-json\/wp\/v2\/comments?post=1466"}],"version-history":[{"count":0,"href":"https:\/\/www.atletica75.it\/wp2\/wp-json\/wp\/v2\/posts\/1466\/revisions"}],"wp:attachment":[{"href":"https:\/\/www.atletica75.it\/wp2\/wp-json\/wp\/v2\/media?parent=1466"}],"wp:term":[{"taxonomy":"category","embeddable":true,"href":"https:\/\/www.atletica75.it\/wp2\/wp-json\/wp\/v2\/categories?post=1466"},{"taxonomy":"post_tag","embeddable":true,"href":"https:\/\/www.atletica75.it\/wp2\/wp-json\/wp\/v2\/tags?post=1466"}],"curies":[{"name":"wp","href":"https:\/\/api.w.org\/{rel}","templated":true}]}}