{"id":1614,"date":"2012-02-04T10:11:20","date_gmt":"2012-02-04T10:11:20","guid":{"rendered":"http:\/\/www.atletica75.it\/?p=1614"},"modified":"2012-02-04T10:11:20","modified_gmt":"2012-02-04T10:11:20","slug":"il-maltempo-blocca-il-fine-settimana-agonistico-ma-prepara-ai-prossimi-impegni","status":"publish","type":"post","link":"https:\/\/www.atletica75.it\/wp2\/2012\/02\/04\/il-maltempo-blocca-il-fine-settimana-agonistico-ma-prepara-ai-prossimi-impegni\/","title":{"rendered":"Il maltempo blocca il fine settimana agonistico ma prepara ai prossimi impegni"},"content":{"rendered":"<p><a href=\"https:\/\/www.atletica75.it\/wp2\/wp-content\/uploads\/2012\/02\/pupazzoneve.jpg\"><img decoding=\"async\" loading=\"lazy\" class=\"alignleft size-full wp-image-1615\" title=\"pupazzoneve\" src=\"https:\/\/www.atletica75.it\/wp2\/wp-content\/uploads\/2012\/02\/pupazzoneve.jpg\" alt=\"\" width=\"259\" height=\"194\" \/><\/a>Fine settimana all&#8217;insegna del maltempo. Annullate alcune gare di atletica leggera della nostra regione e nelle Marche; infatti in tutte le corse su strada (Bologna, Reggio Emilia e Bertinoro) e nella tappa di cross a Ferrara lo starter non dar\u00e0 inizio alle prove. Confermate al momento le manifestazioni di Campionato Regionale Indoor di Modena e Parma a cui sono iscritti alcuni nostri atleti, comunicato che potrebbe per\u00f2 subire modifiche entro la serata.\u00a0Annullate definitivamente gi\u00e0 da gioved\u00ec le prove al coperto di Ancona e Fermo a causa di abbondanti nevicate. I nostri esordienti, ragazzi, cadetti e assoluti si rifaranno la settimana prossima nelle medesime sedi.<\/p>\n<p>La ginnastica risente meno della neve dato che era prevista la sola gara FGI di Rimini. Le ginnaste avranno modo di prepararsi cos\u00ec all&#8217;intenso mese di gare che le aspetta. Si parte infatti l&#8217;11 febbraio a <!--more-->Medicina (BO) con la prima esperienza agonistica di 11 ragazze (che la coincidenza numerica non porti fortuna?!), parte di un meraviglioso gruppo che da anni partecipa a blasonate manifestazioni di coreografia (Festival del Sole di Riccione su tutte) e che, visto l&#8217;impegno e la seriet\u00e0 con cui svolgono l&#8217;attivit\u00e0 in palestra, hanno raggiunto i mezzi per poter sperimentare anche la ginnastica di volteggio, trave, corpo libero e parallele. Brunetti Erika, Amoah Janel, Fanelli Angelica, Antonelli Sofia, Gabellini Giulia, Tenti Sofia, Zanca Gaia, Denti Alice, Giuliani Giulia, Linari Alice e Simeone Elisa parteciperanno alla gara Promozionale di Specialit\u00e0 UISP con tanta emozione e gran coraggio. La societ\u00e0 far\u00e0 il tifo per loro. Forza ragazze!!!<\/p>\n<p>Il sabato successivo, 18 febbraio, andr\u00e0 in scena la Serie B (fase regionale) che vedr\u00e0 protagoniste le nostre Martina Pensalfini, Giorgia e Jessica Dini, Giulia Santoni. Il passaggio alla serie superiore \u00e8 molto impegnativo ma le bimbe sapranno difendersi con gli artigli dall&#8217;agguerrita concorrenza.<\/p>\n<p>Tra la fine di febbraio (25) e l&#8217;inizio di marzo (4) sar\u00e0 la volta del gruppo delle ginnaste del futuro Saioni Lucrezia, Lattanzio Penelope, Castaldo Giorgia, Magnani Lucia, Franca Giulia, Casadei Vanessa, Guidi Noemi, Cecchini Virginia, Bin Chiara, Po Baldrighi Manuela, Santi Alice, Massimi Giulia, Capellini Eleonora e Gencarelli Martina che indosseranno il body da gara per le prove di Categoria FGI L1-2 di Rimini e UISP di Formigine (MO); la piccolissima Elisa Ortolani sar\u00e0 con loro a bordo pedana perch\u00e8 non ancora in et\u00e0 per partecipare alle competizioni. La vedremo di sicuro ad ottobre pi\u00f9 carica che mai!<\/p>\n","protected":false},"excerpt":{"rendered":"<p>Fine settimana all&#8217;insegna del maltempo. Annullate alcune gare di atletica leggera della nostra regione e nelle Marche; infatti in tutte le corse su strada (Bologna, Reggio Emilia e Bertinoro) e nella tappa di cross a Ferrara lo starter non dar\u00e0 inizio alle prove. Confermate al momento le manifestazioni di Campionato Regionale Indoor di Modena e [&hellip;]<\/p>\n","protected":false},"author":2,"featured_media":0,"comment_status":"closed","ping_status":"open","sticky":false,"template":"","format":"standard","meta":{"_et_pb_use_builder":"","_et_pb_old_content":"","_et_gb_content_width":"","footnotes":""},"categories":[10,13],"tags":[],"_links":{"self":[{"href":"https:\/\/www.atletica75.it\/wp2\/wp-json\/wp\/v2\/posts\/1614"}],"collection":[{"href":"https:\/\/www.atletica75.it\/wp2\/wp-json\/wp\/v2\/posts"}],"about":[{"href":"https:\/\/www.atletica75.it\/wp2\/wp-json\/wp\/v2\/types\/post"}],"author":[{"embeddable":true,"href":"https:\/\/www.atletica75.it\/wp2\/wp-json\/wp\/v2\/users\/2"}],"replies":[{"embeddable":true,"href":"https:\/\/www.atletica75.it\/wp2\/wp-json\/wp\/v2\/comments?post=1614"}],"version-history":[{"count":0,"href":"https:\/\/www.atletica75.it\/wp2\/wp-json\/wp\/v2\/posts\/1614\/revisions"}],"wp:attachment":[{"href":"https:\/\/www.atletica75.it\/wp2\/wp-json\/wp\/v2\/media?parent=1614"}],"wp:term":[{"taxonomy":"category","embeddable":true,"href":"https:\/\/www.atletica75.it\/wp2\/wp-json\/wp\/v2\/categories?post=1614"},{"taxonomy":"post_tag","embeddable":true,"href":"https:\/\/www.atletica75.it\/wp2\/wp-json\/wp\/v2\/tags?post=1614"}],"curies":[{"name":"wp","href":"https:\/\/api.w.org\/{rel}","templated":true}]}}