{"id":1658,"date":"2012-02-20T12:52:40","date_gmt":"2012-02-20T12:52:40","guid":{"rendered":"http:\/\/www.atletica75.it\/?p=1658"},"modified":"2012-02-20T12:52:40","modified_gmt":"2012-02-20T12:52:40","slug":"gioie-e-dolori","status":"publish","type":"post","link":"https:\/\/www.atletica75.it\/wp2\/2012\/02\/20\/gioie-e-dolori\/","title":{"rendered":"Gioie e dolori"},"content":{"rendered":"<p>[singlepic id=692 w=320 h=240 float=left]Cominciamo dalle note dolenti. Ad Ancona erano di scena i Campionati Italiani Aliievi e Junior Indoor di atletica leggera, ricorrente rassegna invernale di met\u00e0 febbraio. Elena Gattei, astista al primo anno nella categoria superiore (le Allieve) non era in uno stato di forma tecnica eccezionale a causa del mese di stop per neve e freddo. Le probabilit\u00e0 di far bene, quindi, erano al lumicino ma la maturit\u00e0 dimostrata gi\u00e0 nel 2011 ha comunque tenuto alto il morale; l&#8217;esito di sabato purtroppo ha confermato le attese e 2,60 alla seconda prova non corrisponde al\u00a0reale valore di Elena. Ora l&#8217;impegno volge gi\u00e0 al mese di marzo, periodo in cui occorre recuperare il tempo perduto.<\/p>\n<p>In contemporanea le ginnaste della Serie B regionale (prima fase) si scaldavano sulla pedana di Cesena, anche per loro debutto tra le pi\u00f9 grandi. Le 4 portacolori bianco-celesti, Martina, Giulia, Giorgia e Jessica, hanno iniziato abbastanza bene le prime rotazioni; poi per\u00f2 un nullo al volteggio e altre sbavature hanno fissato la loro classifica al settimo posto.<!--more--> Segnali confortanti arrivano per\u00f2 dai punteggi parziali davvero buoni in vista della seconda fase del 10 marzo.<\/p>\n<p>Arrivano, per fortuna, nella giornata di domenica anche alcune gioie; merito dei cadetti quattordicenni dell&#8217;atletica impegnati nei Campionati Regionali di categoria. Il miglior risultato tecnico sono i due quarti posti di Benjamin Vanni nel peso con la misura di 11,10 (non lontano dal suo limite) e nel salto in alto con 1,65, pari misura con il terzo classificato ma con un errore in pi\u00f9. Le lanciatrici cattolichine Maddalena Scaruffi e Laura Landi si sono comportate ottimamente; Maddalena \u00e8 rimasta fuori di soli 3 cm dalle migliori otto e Laura ha stabilito il suo record personale con un getto da 8,24 che le vale l&#8217;undicesima piazza (anche 3,92 nel lungo). L&#8217;ultima nostra atleta impegnata era Caterina Torresan, decisamente rinata dopo una fine 2011 non esaltante e con parecchi problemi. Ha bissato il suo limite sui 60 piani, 8&#8243;47, finendo seconda nella finale B e ha mostrato buone cose nel salto in lungo: 12esima con 4,53.<\/p>\n<p>Non \u00e8 tempo di riposo, i ragazzi e le ragazze sono gi\u00e0 pronti per rimettersi al lavoro.<\/p>\n","protected":false},"excerpt":{"rendered":"<p>[singlepic id=692 w=320 h=240 float=left]Cominciamo dalle note dolenti. Ad Ancona erano di scena i Campionati Italiani Aliievi e Junior Indoor di atletica leggera, ricorrente rassegna invernale di met\u00e0 febbraio. Elena Gattei, astista al primo anno nella categoria superiore (le Allieve) non era in uno stato di forma tecnica eccezionale a causa del mese di stop [&hellip;]<\/p>\n","protected":false},"author":2,"featured_media":0,"comment_status":"closed","ping_status":"open","sticky":false,"template":"","format":"standard","meta":{"_et_pb_use_builder":"","_et_pb_old_content":"","_et_gb_content_width":"","footnotes":""},"categories":[10,13],"tags":[],"_links":{"self":[{"href":"https:\/\/www.atletica75.it\/wp2\/wp-json\/wp\/v2\/posts\/1658"}],"collection":[{"href":"https:\/\/www.atletica75.it\/wp2\/wp-json\/wp\/v2\/posts"}],"about":[{"href":"https:\/\/www.atletica75.it\/wp2\/wp-json\/wp\/v2\/types\/post"}],"author":[{"embeddable":true,"href":"https:\/\/www.atletica75.it\/wp2\/wp-json\/wp\/v2\/users\/2"}],"replies":[{"embeddable":true,"href":"https:\/\/www.atletica75.it\/wp2\/wp-json\/wp\/v2\/comments?post=1658"}],"version-history":[{"count":0,"href":"https:\/\/www.atletica75.it\/wp2\/wp-json\/wp\/v2\/posts\/1658\/revisions"}],"wp:attachment":[{"href":"https:\/\/www.atletica75.it\/wp2\/wp-json\/wp\/v2\/media?parent=1658"}],"wp:term":[{"taxonomy":"category","embeddable":true,"href":"https:\/\/www.atletica75.it\/wp2\/wp-json\/wp\/v2\/categories?post=1658"},{"taxonomy":"post_tag","embeddable":true,"href":"https:\/\/www.atletica75.it\/wp2\/wp-json\/wp\/v2\/tags?post=1658"}],"curies":[{"name":"wp","href":"https:\/\/api.w.org\/{rel}","templated":true}]}}