{"id":1739,"date":"2012-03-19T12:15:07","date_gmt":"2012-03-19T12:15:07","guid":{"rendered":"http:\/\/www.atletica75.it\/?p=1739"},"modified":"2012-03-19T12:15:07","modified_gmt":"2012-03-19T12:15:07","slug":"riepilogo-delle-ultime-due-settimane-di-gare","status":"publish","type":"post","link":"https:\/\/www.atletica75.it\/wp2\/2012\/03\/19\/riepilogo-delle-ultime-due-settimane-di-gare\/","title":{"rendered":"Riepilogo delle ultime due settimane di gare"},"content":{"rendered":"<p>[singlepic id=726 w=320 h=240 float=left]Con un leggero ritardo arriva il sunto degli ultimi 15 giorni di impegni agonistici. Mentre l&#8217;atletica si riserva il mese di marzo per preparare in tranquillit\u00e0 gli appuntamenti di aprile e maggio, la ginnastica ha avuto finora un calendario fitto di competizioni a tutti i livelli. Infatti il week end di sabato 10 e domenica 11 marzo ha visto protagoniste le nostre 4 ragazze iscritte alla serie B regionale della FGI, Martina, Giulia, Giorgia e Jessica. Erano impegnate a Cesena in una difficile lotta per la qualificazione alla fase interregionale di fine aprile. L&#8217;obiettivo \u00e8 stato pienamente raggiunto!!! La squadra si \u00e8 piazzata al quinto posto riscattando la prova incolore di febbraio. Non lontane le prime classificate, Cesena e Parma su tutte, segno di un continuo miglioramento tecnico. Doverosa nota positiva riguarda i risultati di Martina che sulla corsia del volteggio<!--more--> ha sbloccato il temuto salto &#8220;Yurchenko&#8221; (che nell&#8217;ultima gara era risultato nullo &#8211; ndr) e ha effettuato anche un bel corpo libero. Prove non esaltanti per le altre tre compagne che hanno subito la stanchezza dell&#8217;ultimo mese di preparazione e i residui di qualche piccolo problema fisico. La ripresa avverr\u00e0 sicuramente nelle gare UISP di Cattolica del 25 marzo.<\/p>\n<p><a href=\"https:\/\/www.atletica75.it\/wp2\/wp-content\/uploads\/2012\/03\/IMG_3259.jpg\"><img decoding=\"async\" loading=\"lazy\" class=\"alignleft size-thumbnail wp-image-1757\" title=\"IMG_3259\" src=\"https:\/\/www.atletica75.it\/wp2\/wp-content\/uploads\/2012\/03\/IMG_3259-150x150.jpg\" alt=\"\" width=\"150\" height=\"150\" \/><\/a>Sempre il 10 e 11 marzo erano impegnate nuovamente le ginnaste del gruppo coreografico nella seconda prova della gara promozionale UISP a Campogalliano (MO). Grandi passi avanti per tutte, soprattutto Erica Brunetti seconda nella classifica generale e vittoriosa al trampolino. In premiazione come decima assoluta Sofia Antonelli e riscossa di un&#8217;altra Sofia, Tenti, che strappa il terzo gradino del podio al trampolino elastico con una bella prova di carattere.<\/p>\n<p>Nei due giorni appena passati (17-18 marzo) le piccole Lucia, Penelope e Giorgia Castaldo hanno proseguito l&#8217;esperienza agonistica nelle gare federali iniziata quest&#8217;inverno partecipando all&#8217;incontro interregionale FGI di Mestre (VE). L&#8217;esito non eccezionale era prevedibile e gi\u00e0 ben compreso dalle bimbe, hanno lottato impavide pur sapendo di avere alcuni esercizi incompleti (ad esempio ai difficili cinghietti). Piazzarsi ora nei piani bassi della classifica non \u00e8 un dramma, significa saper rimboccarsi le maniche per migliorare il proprio valore, vuol dire non demoralizzarsi e continuare a testa alta, serve a scuotere la propria personalit\u00e0 per renderla pi\u00f9 forte. Il senso degli insegnamenti delle &#8220;maestre&#8221; sta soprattutto qui, \u00e8 l&#8217;anello pi\u00f9 importante che lega le abilit\u00e0 di ciascuno.<\/p>\n","protected":false},"excerpt":{"rendered":"<p>[singlepic id=726 w=320 h=240 float=left]Con un leggero ritardo arriva il sunto degli ultimi 15 giorni di impegni agonistici. Mentre l&#8217;atletica si riserva il mese di marzo per preparare in tranquillit\u00e0 gli appuntamenti di aprile e maggio, la ginnastica ha avuto finora un calendario fitto di competizioni a tutti i livelli. Infatti il week end di [&hellip;]<\/p>\n","protected":false},"author":2,"featured_media":0,"comment_status":"closed","ping_status":"open","sticky":false,"template":"","format":"standard","meta":{"_et_pb_use_builder":"","_et_pb_old_content":"","_et_gb_content_width":"","footnotes":""},"categories":[13],"tags":[],"_links":{"self":[{"href":"https:\/\/www.atletica75.it\/wp2\/wp-json\/wp\/v2\/posts\/1739"}],"collection":[{"href":"https:\/\/www.atletica75.it\/wp2\/wp-json\/wp\/v2\/posts"}],"about":[{"href":"https:\/\/www.atletica75.it\/wp2\/wp-json\/wp\/v2\/types\/post"}],"author":[{"embeddable":true,"href":"https:\/\/www.atletica75.it\/wp2\/wp-json\/wp\/v2\/users\/2"}],"replies":[{"embeddable":true,"href":"https:\/\/www.atletica75.it\/wp2\/wp-json\/wp\/v2\/comments?post=1739"}],"version-history":[{"count":0,"href":"https:\/\/www.atletica75.it\/wp2\/wp-json\/wp\/v2\/posts\/1739\/revisions"}],"wp:attachment":[{"href":"https:\/\/www.atletica75.it\/wp2\/wp-json\/wp\/v2\/media?parent=1739"}],"wp:term":[{"taxonomy":"category","embeddable":true,"href":"https:\/\/www.atletica75.it\/wp2\/wp-json\/wp\/v2\/categories?post=1739"},{"taxonomy":"post_tag","embeddable":true,"href":"https:\/\/www.atletica75.it\/wp2\/wp-json\/wp\/v2\/tags?post=1739"}],"curies":[{"name":"wp","href":"https:\/\/api.w.org\/{rel}","templated":true}]}}