{"id":1866,"date":"2012-04-30T13:09:42","date_gmt":"2012-04-30T13:09:42","guid":{"rendered":"http:\/\/www.atletica75.it\/?p=1866"},"modified":"2012-04-30T13:09:42","modified_gmt":"2012-04-30T13:09:42","slug":"mestre-serie-b-interregionale","status":"publish","type":"post","link":"https:\/\/www.atletica75.it\/wp2\/2012\/04\/30\/mestre-serie-b-interregionale\/","title":{"rendered":"Mestre (VE) &#8211; Serie B Interregionale"},"content":{"rendered":"<p><a href=\"https:\/\/www.atletica75.it\/wp2\/wp-content\/uploads\/2012\/04\/mestre29042012dorso.jpg\"><img decoding=\"async\" loading=\"lazy\" class=\"alignleft size-medium wp-image-1869\" title=\"mestre29042012dorso\" src=\"https:\/\/www.atletica75.it\/wp2\/wp-content\/uploads\/2012\/04\/mestre29042012dorso-300x225.jpg\" alt=\"\" width=\"300\" height=\"225\" \/><\/a>Trasferta non troppo comoda Mestre, specie in questo ponte di inizio maggio. La FGI ha designato la citt\u00e0 veneta come uno dei punti di riferimento dell&#8217;attivit\u00e0 agonistica federale e infatti in questo fine settimana \u00e8 stata organizzata la gara di Serie B (fase interregionale) femminile. Dopo la meritata qualificazione in regione, Martina, Giorgia, Jessica e Giulia hanno indossato il body con i colori sociali per questa nuova avventura nella serie superiore. Partiamo dalla fine.<\/p>\n<p>L&#8217;undicesima piazza di squadra ha ancora una volta confermato il valore delle nostre ginnaste, valore che purtroppo ha dovuto piegarsi alle recenti vicissitudini fisiche delle bimbe. Infatti alcuni elementi gi\u00e0 appresi e di difficolt\u00e0 alta sono stati sostituiti da altri pi\u00f9 adatti alle<!--more--> condizioni atletiche del momento. Un peccato davvero perch\u00e8 forse le cose sarebbero potute andare diversamente ma si sa, queste cose fanno parte del gioco. Di sicuro ci\u00f2\u00a0dimostra che i margini di miglioramento sono ancora ampi e che, ritrovata la forma\u00a0giusta, ai Campionati Nazionali UISP di giugno ne vedremo delle belle. Ma torniamo alla cronaca della gara di Mestre.\u00a0Prove regolari di tutte e quattro le ginnaste, qualche piccolo sbilanciamento alla trave e sbavatura al corpo libero. Un leggero spauracchio per il volteggio di riscaldamento\u00a0di Giorgia che ha prontamente recuperato in gara. Rimane il dato comunque confortante\u00a0di\u00a0essersi piazzate a centro classifica\u00a0nonostante l&#8217;inesperienza a tale livello, la\u00a0nostra squadra\u00a0era addirittura la pi\u00f9 giovane tra le accreditate!<\/p>\n<p>Un\u00a0BRAVE per le bimbe e un BRAVI agli insegnanti\u00a0sono doverosi. Un primo maggio di riposo \u00e8 meritato.<\/p>\n","protected":false},"excerpt":{"rendered":"<p>Trasferta non troppo comoda Mestre, specie in questo ponte di inizio maggio. La FGI ha designato la citt\u00e0 veneta come uno dei punti di riferimento dell&#8217;attivit\u00e0 agonistica federale e infatti in questo fine settimana \u00e8 stata organizzata la gara di Serie B (fase interregionale) femminile. Dopo la meritata qualificazione in regione, Martina, Giorgia, Jessica e [&hellip;]<\/p>\n","protected":false},"author":2,"featured_media":0,"comment_status":"closed","ping_status":"open","sticky":false,"template":"","format":"standard","meta":{"_et_pb_use_builder":"","_et_pb_old_content":"","_et_gb_content_width":"","footnotes":""},"categories":[13],"tags":[],"_links":{"self":[{"href":"https:\/\/www.atletica75.it\/wp2\/wp-json\/wp\/v2\/posts\/1866"}],"collection":[{"href":"https:\/\/www.atletica75.it\/wp2\/wp-json\/wp\/v2\/posts"}],"about":[{"href":"https:\/\/www.atletica75.it\/wp2\/wp-json\/wp\/v2\/types\/post"}],"author":[{"embeddable":true,"href":"https:\/\/www.atletica75.it\/wp2\/wp-json\/wp\/v2\/users\/2"}],"replies":[{"embeddable":true,"href":"https:\/\/www.atletica75.it\/wp2\/wp-json\/wp\/v2\/comments?post=1866"}],"version-history":[{"count":0,"href":"https:\/\/www.atletica75.it\/wp2\/wp-json\/wp\/v2\/posts\/1866\/revisions"}],"wp:attachment":[{"href":"https:\/\/www.atletica75.it\/wp2\/wp-json\/wp\/v2\/media?parent=1866"}],"wp:term":[{"taxonomy":"category","embeddable":true,"href":"https:\/\/www.atletica75.it\/wp2\/wp-json\/wp\/v2\/categories?post=1866"},{"taxonomy":"post_tag","embeddable":true,"href":"https:\/\/www.atletica75.it\/wp2\/wp-json\/wp\/v2\/tags?post=1866"}],"curies":[{"name":"wp","href":"https:\/\/api.w.org\/{rel}","templated":true}]}}