{"id":1895,"date":"2012-05-12T14:53:37","date_gmt":"2012-05-12T14:53:37","guid":{"rendered":"http:\/\/www.atletica75.it\/?p=1895"},"modified":"2012-05-12T14:53:37","modified_gmt":"2012-05-12T14:53:37","slug":"podismo-e-lanci-in-evidenza","status":"publish","type":"post","link":"https:\/\/www.atletica75.it\/wp2\/2012\/05\/12\/podismo-e-lanci-in-evidenza\/","title":{"rendered":"Podismo e lanci in evidenza"},"content":{"rendered":"<p>[singlepic id=681 w=320 h=240 float=left]Settimana intensa per l&#8217;atletica e il podismo, tante gare appassionanti, primati abbattuti e tanta tanta energia. Domenica 6 maggio i &#8220;macina chilometri&#8221; dell&#8217;Atletica 75 erano alla partenza della decima edizione della Collemarathon, maratona che porta da Barchi a Fano, caratteristico scenario marchigiano. Lotta interna la femminile tra Lorena Buscaglia e Lucia Chiusilli. Lorena registra il suo primato con 4 ore 34 minuti e 9 secondi ma Lucia fa ancora meglio e le strappa pure il recente record sociale sulla distanza: 4 h 22&#8242; 59&#8243;. Scintillanti.<\/p>\n<p>Al maschile l&#8217;eterno Adolfo Accalai vince la sua categoria (MM60) in 3 h 08&#8242; 53&#8243;; davvero in gran spolvero Dulfus, come<!--more--> lo chiamano i compagni. Un p\u00f2 pi\u00f9 indietro ma con discreti responsi cronometrici gli altri biancazzurri Luca Gallinucci (3h 22&#8242; 05&#8243;), Davide Facchini (3h 28&#8242; 45&#8243;) e Roberto Andreatini (4h 08&#8242; 09&#8243;). Infaticabili.<\/p>\n<p>Sulla pedana del disco e del martello dell&#8217;impianto di atletica di Cattolica (zona lanci di Via Larga) invece si sono dati battaglia numerosi lanciatori arrivati persino da Modena e Parma! Venerd\u00ec 11 maggio il caldo torrido non ha spaventato gli agguerriti concorrenti che in totale erano ben 41! Piacevole sorpresa inaspettata che premia l&#8217;impegno della nostra societ\u00e0 nell&#8217;organizzazione di meeting a vari livelli per dare pi\u00f9 opportunit\u00e0 possibili di fare esperienza agonistica ai propri tesserati. Spicca la specialit\u00e0 del martello dove Viola Mignani sfiora i 30 metri (29,98 la misura) e stabilisce il nuovo primato sociale che era gi\u00e0 suo; la compagna Laura Landi arriva addirittura a 21,51, per lei davvero gratificante visto che non si cimenta molto spesso in questa disciplina. Alberto Vanzolini e Cristian Medina ritoccano invece le rispettive misure nel lancio del disco.<\/p>\n<p>Ora tutti quanti rimaniamo con il cuore in gola in attesa dei conteggi ufficiali del Comitato Regionale il quale decreter\u00e0 le migliori 12 squadre del 2012&#8230;.gruppo in cui speriamo di ammirare i colori dell&#8217;Atletica 75.<\/p>\n","protected":false},"excerpt":{"rendered":"<p>[singlepic id=681 w=320 h=240 float=left]Settimana intensa per l&#8217;atletica e il podismo, tante gare appassionanti, primati abbattuti e tanta tanta energia. Domenica 6 maggio i &#8220;macina chilometri&#8221; dell&#8217;Atletica 75 erano alla partenza della decima edizione della Collemarathon, maratona che porta da Barchi a Fano, caratteristico scenario marchigiano. Lotta interna la femminile tra Lorena Buscaglia e Lucia [&hellip;]<\/p>\n","protected":false},"author":2,"featured_media":0,"comment_status":"closed","ping_status":"open","sticky":false,"template":"","format":"standard","meta":{"_et_pb_use_builder":"","_et_pb_old_content":"","_et_gb_content_width":"","footnotes":""},"categories":[10,14],"tags":[],"_links":{"self":[{"href":"https:\/\/www.atletica75.it\/wp2\/wp-json\/wp\/v2\/posts\/1895"}],"collection":[{"href":"https:\/\/www.atletica75.it\/wp2\/wp-json\/wp\/v2\/posts"}],"about":[{"href":"https:\/\/www.atletica75.it\/wp2\/wp-json\/wp\/v2\/types\/post"}],"author":[{"embeddable":true,"href":"https:\/\/www.atletica75.it\/wp2\/wp-json\/wp\/v2\/users\/2"}],"replies":[{"embeddable":true,"href":"https:\/\/www.atletica75.it\/wp2\/wp-json\/wp\/v2\/comments?post=1895"}],"version-history":[{"count":0,"href":"https:\/\/www.atletica75.it\/wp2\/wp-json\/wp\/v2\/posts\/1895\/revisions"}],"wp:attachment":[{"href":"https:\/\/www.atletica75.it\/wp2\/wp-json\/wp\/v2\/media?parent=1895"}],"wp:term":[{"taxonomy":"category","embeddable":true,"href":"https:\/\/www.atletica75.it\/wp2\/wp-json\/wp\/v2\/categories?post=1895"},{"taxonomy":"post_tag","embeddable":true,"href":"https:\/\/www.atletica75.it\/wp2\/wp-json\/wp\/v2\/tags?post=1895"}],"curies":[{"name":"wp","href":"https:\/\/api.w.org\/{rel}","templated":true}]}}