{"id":1962,"date":"2012-06-29T11:43:27","date_gmt":"2012-06-29T11:43:27","guid":{"rendered":"http:\/\/www.atletica75.it\/?p=1962"},"modified":"2012-06-29T11:43:27","modified_gmt":"2012-06-29T11:43:27","slug":"corsa-podistica-a-gradara","status":"publish","type":"post","link":"https:\/\/www.atletica75.it\/wp2\/2012\/06\/29\/corsa-podistica-a-gradara\/","title":{"rendered":"Corsa podistica a Gradara"},"content":{"rendered":"<p>[singlepic id=299 w=320 h=240 float=left]Siamo gi\u00e0 alla terza edizione della splendida corsa &#8220;Assedio al castello&#8221; e non si direbbe. L&#8217;energia dei volontari \u00e8 quella della prima volta e il sostegno dell&#8217;amministrazione comunale di Gradara \u00e8 entusiasmante! La caratteristica del percorso \u00e8 il magnifico scenario storico che offre il passaggio sotto le antiche mura sostenuto dal mix di saliscendi collinare nell&#8217;agro marchigiano. Venerd\u00ec 6 luglio l&#8217;Atletica 75 aspetta tutte le centinaia di appassionati della corsa.<\/p>\n<p>Per info e contatti cliccare sul link a fianco. \u00a0 \u00a0 \u00a0 \u00a0 \u00a0<a href=\"https:\/\/www.atletica75.it\/wp2\/wp-content\/uploads\/2012\/06\/Locandina-Assedio-al-Castello.pdf\">Locandina Assedio al Castello<\/a><\/p>\n","protected":false},"excerpt":{"rendered":"<p>[singlepic id=299 w=320 h=240 float=left]Siamo gi\u00e0 alla terza edizione della splendida corsa &#8220;Assedio al castello&#8221; e non si direbbe. L&#8217;energia dei volontari \u00e8 quella della prima volta e il sostegno dell&#8217;amministrazione comunale di Gradara \u00e8 entusiasmante! La caratteristica del percorso \u00e8 il magnifico scenario storico che offre il passaggio sotto le antiche mura sostenuto dal [&hellip;]<\/p>\n","protected":false},"author":2,"featured_media":0,"comment_status":"closed","ping_status":"open","sticky":false,"template":"","format":"standard","meta":{"_et_pb_use_builder":"","_et_pb_old_content":"","_et_gb_content_width":"","footnotes":""},"categories":[14],"tags":[],"_links":{"self":[{"href":"https:\/\/www.atletica75.it\/wp2\/wp-json\/wp\/v2\/posts\/1962"}],"collection":[{"href":"https:\/\/www.atletica75.it\/wp2\/wp-json\/wp\/v2\/posts"}],"about":[{"href":"https:\/\/www.atletica75.it\/wp2\/wp-json\/wp\/v2\/types\/post"}],"author":[{"embeddable":true,"href":"https:\/\/www.atletica75.it\/wp2\/wp-json\/wp\/v2\/users\/2"}],"replies":[{"embeddable":true,"href":"https:\/\/www.atletica75.it\/wp2\/wp-json\/wp\/v2\/comments?post=1962"}],"version-history":[{"count":0,"href":"https:\/\/www.atletica75.it\/wp2\/wp-json\/wp\/v2\/posts\/1962\/revisions"}],"wp:attachment":[{"href":"https:\/\/www.atletica75.it\/wp2\/wp-json\/wp\/v2\/media?parent=1962"}],"wp:term":[{"taxonomy":"category","embeddable":true,"href":"https:\/\/www.atletica75.it\/wp2\/wp-json\/wp\/v2\/categories?post=1962"},{"taxonomy":"post_tag","embeddable":true,"href":"https:\/\/www.atletica75.it\/wp2\/wp-json\/wp\/v2\/tags?post=1962"}],"curies":[{"name":"wp","href":"https:\/\/api.w.org\/{rel}","templated":true}]}}