{"id":2174,"date":"2012-11-12T09:18:31","date_gmt":"2012-11-12T09:18:31","guid":{"rendered":"http:\/\/www.atletica75.it\/?p=2174"},"modified":"2012-11-12T09:18:31","modified_gmt":"2012-11-12T09:18:31","slug":"la-podistica-di-gabicce-e-gradara-brucia-il-maltempo","status":"publish","type":"post","link":"https:\/\/www.atletica75.it\/wp2\/2012\/11\/12\/la-podistica-di-gabicce-e-gradara-brucia-il-maltempo\/","title":{"rendered":"La podistica di Gabicce e Gradara brucia il maltempo"},"content":{"rendered":"<p>[singlepic id=681 w=320 h=240 float=left]Arrivo sul filo di lana tra la conclusione della gara di ieri a Gabicce e il maltempo che in realt\u00e0 ha risparmiato solo i chilometri percorsi dai partecipanti (per la verit\u00e0 la parte pi\u00f9 importante) ma non i convenevoli del dopo corsa. Il nuovo punto di ritrovo, la piazza antistante il Comune di Gabicce Mare, pare sia stata all&#8217;altezza dell&#8217;affluenza e gradita agli atleti e accompagnatori e la tenso struttura fissa ha permesso di effettuare le premiazioni e le foto di rito nonostante la pioggia crescente dalle 11 in poi. Si diceva l&#8217;affluenza. <!--more-->E&#8217; stata ottima: 820 iscritti tra cui 78 tra bambini e ragazzi in linea con gli anni passati; il timore per il cambiamento della partenza\/arrivo \u00e8 stato disatteso alla grande. Ovviamente nessuno della sezione Podismo dell&#8217;Atletica 75 tra i partecipanti: il loro contributo \u00e8 stato puramente organizzativo ed \u00e8 servito oggi per assistere con professionalit\u00e0 i chilometri degli avversari.<\/p>\n","protected":false},"excerpt":{"rendered":"<p>[singlepic id=681 w=320 h=240 float=left]Arrivo sul filo di lana tra la conclusione della gara di ieri a Gabicce e il maltempo che in realt\u00e0 ha risparmiato solo i chilometri percorsi dai partecipanti (per la verit\u00e0 la parte pi\u00f9 importante) ma non i convenevoli del dopo corsa. Il nuovo punto di ritrovo, la piazza antistante il [&hellip;]<\/p>\n","protected":false},"author":2,"featured_media":0,"comment_status":"closed","ping_status":"open","sticky":false,"template":"","format":"standard","meta":{"_et_pb_use_builder":"","_et_pb_old_content":"","_et_gb_content_width":"","footnotes":""},"categories":[14],"tags":[],"_links":{"self":[{"href":"https:\/\/www.atletica75.it\/wp2\/wp-json\/wp\/v2\/posts\/2174"}],"collection":[{"href":"https:\/\/www.atletica75.it\/wp2\/wp-json\/wp\/v2\/posts"}],"about":[{"href":"https:\/\/www.atletica75.it\/wp2\/wp-json\/wp\/v2\/types\/post"}],"author":[{"embeddable":true,"href":"https:\/\/www.atletica75.it\/wp2\/wp-json\/wp\/v2\/users\/2"}],"replies":[{"embeddable":true,"href":"https:\/\/www.atletica75.it\/wp2\/wp-json\/wp\/v2\/comments?post=2174"}],"version-history":[{"count":0,"href":"https:\/\/www.atletica75.it\/wp2\/wp-json\/wp\/v2\/posts\/2174\/revisions"}],"wp:attachment":[{"href":"https:\/\/www.atletica75.it\/wp2\/wp-json\/wp\/v2\/media?parent=2174"}],"wp:term":[{"taxonomy":"category","embeddable":true,"href":"https:\/\/www.atletica75.it\/wp2\/wp-json\/wp\/v2\/categories?post=2174"},{"taxonomy":"post_tag","embeddable":true,"href":"https:\/\/www.atletica75.it\/wp2\/wp-json\/wp\/v2\/tags?post=2174"}],"curies":[{"name":"wp","href":"https:\/\/api.w.org\/{rel}","templated":true}]}}