{"id":2214,"date":"2012-12-18T09:44:52","date_gmt":"2012-12-18T09:44:52","guid":{"rendered":"http:\/\/www.atletica75.it\/?p=2214"},"modified":"2012-12-18T09:44:52","modified_gmt":"2012-12-18T09:44:52","slug":"finale-di-specialita-fgi-a-carate-brianza","status":"publish","type":"post","link":"https:\/\/www.atletica75.it\/wp2\/2012\/12\/18\/finale-di-specialita-fgi-a-carate-brianza\/","title":{"rendered":"Finale di Specialit\u00e0 FGI a Carate Brianza"},"content":{"rendered":"<p>[singlepic id=780 w=320 h=240 float=left]Ultimo sussulto per la ginnastica artistica femminile in questo 2012 sabato 15 dicembre a Carate Brianza (MB). Dopo la soddisfazione per un altra nostra ragazza, Giulia, la settimana scorsa sempre entro i confini lombardi, fiato sospesa per Martina Pensalfini, ginnasta dell&#8217;Atletica 75 iscritta alla finale nazionale di specialit\u00e0 all&#8217;attrezzo del volteggio. Protocollo del grande evento: arrivo il giorno precedente, breve allenamento per testare l&#8217;attrezzatura e &#8220;sentire&#8221; il campo gara, accredito e consegna del pettorale. Marti sembra reagire bene all&#8217;emozione anche nel riscaldamento ufficiale e nel salto di prova 3 minuti prima della chiamata dei giudici, un istante per sistemare i capelli raccolti in una coda (forse gesto scaramantico incondizionato), il saluto alla giuria, solenne abitudine che risale alla nascita di questa disciplina, e avvio deciso della rincorsa che a met\u00e0 del suo percorso per\u00f2 perde di intensit\u00e0 inspiegabilmente<!--more-->, \u00e8 vittima di una indecisione nel momento del presalto e si riprende poi alla battuta in pedana ma l&#8217;energia accumulata non \u00e8 sufficiente per la pulizia in volo che \u00e8 nelle corde di Martina. Il suo salto purtroppo non \u00e8 dei migliori e si sistema nella seconda met\u00e0 della classifica.<\/p>\n<p>Si sa che nella ginnastica ogni lieve sbavatura, ogni perdita infinitesimale di equilibrio costa caro nel risultato, fa parte del gioco. Del resto ogni sport ha delle apparenti ingiustizie agli occhi dei profani che i sacri invece accettano come codice condiviso: si pensi al movimento falso che dura centesimi sui blocchi di partenza, ad un fischio ingiustificato di un arbitro.\u00a0Martina deve essere soddisfatta della sua prova nonostante le aspettative potevano essere altre, arrivare fin qui non \u00e8 proprio da tutti. L&#8217;esperienza insegna che occorre gestire anche quei 3 minuti che separano da soddisfazioni pi\u00f9 grandi, un lasso di tempo che raccoglie il lavoro di mesi, lavoro che servir\u00e0 di certo in futuro.<\/p>\n","protected":false},"excerpt":{"rendered":"<p>[singlepic id=780 w=320 h=240 float=left]Ultimo sussulto per la ginnastica artistica femminile in questo 2012 sabato 15 dicembre a Carate Brianza (MB). Dopo la soddisfazione per un altra nostra ragazza, Giulia, la settimana scorsa sempre entro i confini lombardi, fiato sospesa per Martina Pensalfini, ginnasta dell&#8217;Atletica 75 iscritta alla finale nazionale di specialit\u00e0 all&#8217;attrezzo del volteggio. [&hellip;]<\/p>\n","protected":false},"author":2,"featured_media":0,"comment_status":"closed","ping_status":"open","sticky":false,"template":"","format":"standard","meta":{"_et_pb_use_builder":"","_et_pb_old_content":"","_et_gb_content_width":"","footnotes":""},"categories":[13],"tags":[],"_links":{"self":[{"href":"https:\/\/www.atletica75.it\/wp2\/wp-json\/wp\/v2\/posts\/2214"}],"collection":[{"href":"https:\/\/www.atletica75.it\/wp2\/wp-json\/wp\/v2\/posts"}],"about":[{"href":"https:\/\/www.atletica75.it\/wp2\/wp-json\/wp\/v2\/types\/post"}],"author":[{"embeddable":true,"href":"https:\/\/www.atletica75.it\/wp2\/wp-json\/wp\/v2\/users\/2"}],"replies":[{"embeddable":true,"href":"https:\/\/www.atletica75.it\/wp2\/wp-json\/wp\/v2\/comments?post=2214"}],"version-history":[{"count":0,"href":"https:\/\/www.atletica75.it\/wp2\/wp-json\/wp\/v2\/posts\/2214\/revisions"}],"wp:attachment":[{"href":"https:\/\/www.atletica75.it\/wp2\/wp-json\/wp\/v2\/media?parent=2214"}],"wp:term":[{"taxonomy":"category","embeddable":true,"href":"https:\/\/www.atletica75.it\/wp2\/wp-json\/wp\/v2\/categories?post=2214"},{"taxonomy":"post_tag","embeddable":true,"href":"https:\/\/www.atletica75.it\/wp2\/wp-json\/wp\/v2\/tags?post=2214"}],"curies":[{"name":"wp","href":"https:\/\/api.w.org\/{rel}","templated":true}]}}