{"id":2257,"date":"2013-01-28T13:11:00","date_gmt":"2013-01-28T13:11:00","guid":{"rendered":"http:\/\/www.atletica75.it\/?p=2257"},"modified":"2013-01-28T13:11:00","modified_gmt":"2013-01-28T13:11:00","slug":"inizia-anche-il-nuovo-anno-della-ginnastica","status":"publish","type":"post","link":"https:\/\/www.atletica75.it\/wp2\/2013\/01\/28\/inizia-anche-il-nuovo-anno-della-ginnastica\/","title":{"rendered":"Inizia anche il nuovo anno della ginnastica"},"content":{"rendered":"<p>[singlepic id=787 w=320 h=240 float=left]La provincia emiliana di Modena ospita nelle stesse ore di domenica 27 gennaio gli eventi di due tra le discipline individuali pi\u00f9 note, ginnastica artistica e atletica leggera. Nell&#8217;impianto indoor di Viale dell&#8217;Autodromo (c\/o societ\u00e0 Fratellanza 1874) i Campionati Regionali Assoluti di atletica al coperto e a venti chilometri di distanza, a Formigine, la prova di Mini Prima categoria 4 attrezzi Junior. Dicitura complessa ma necessaria per inquadrare le infinite possibilit\u00e0 agonistiche che offre la ginnastica. Presenti tre atlete targate Atletica 75, il trio simpaticamente <!--more-->ribattezzato &#8220;delle meraviglie&#8221; per il fatto che spesso si trovano a fare parte della stessa squadra di categoria. Giulia Massimi, Virginia Cecchini e Alice Santi si sono comportate bene alla prima tappa UISP (la seconda il 17 marzo &#8211; ndr) finendo rispettivamente 13^, 11^ e 5^ nella classifica generale. Ma la vera sorpresa \u00e8 stato il piazzamento ai singoli attrezzi. A parte le parallele le bimbe si sono spartite le restanti specialit\u00e0: Giulia quinta al corpo libero, Alice ottava sempre al corpo libero e per confermare la sostanziale parit\u00e0 anche Virginia strappa la quinta piazza al volteggio. Davvero felici le tre ginnaste biancazzurre seguite passo passo dalla loro insegnante Federica Conti, rinvigorita dalla prestazione del fine settimana e contenta di vedere ripagati i continui sforzi. Nonostante l&#8217;imparzialit\u00e0 nei giudizi di gara \u00e8 scappato un sorriso di compiacimento anche da parte del corpo giudicante, la nostra Giuliana Bompadre, a Formigine in veste di ufficiale di giuria ma &#8220;accademicamente&#8221; fiera del nostro risultato. Avanti tutta come sempre!<\/p>\n<p>[nggallery id=74]<\/p>\n","protected":false},"excerpt":{"rendered":"<p>[singlepic id=787 w=320 h=240 float=left]La provincia emiliana di Modena ospita nelle stesse ore di domenica 27 gennaio gli eventi di due tra le discipline individuali pi\u00f9 note, ginnastica artistica e atletica leggera. Nell&#8217;impianto indoor di Viale dell&#8217;Autodromo (c\/o societ\u00e0 Fratellanza 1874) i Campionati Regionali Assoluti di atletica al coperto e a venti chilometri di distanza, [&hellip;]<\/p>\n","protected":false},"author":2,"featured_media":0,"comment_status":"closed","ping_status":"open","sticky":false,"template":"","format":"standard","meta":{"_et_pb_use_builder":"","_et_pb_old_content":"","_et_gb_content_width":"","footnotes":""},"categories":[13],"tags":[],"_links":{"self":[{"href":"https:\/\/www.atletica75.it\/wp2\/wp-json\/wp\/v2\/posts\/2257"}],"collection":[{"href":"https:\/\/www.atletica75.it\/wp2\/wp-json\/wp\/v2\/posts"}],"about":[{"href":"https:\/\/www.atletica75.it\/wp2\/wp-json\/wp\/v2\/types\/post"}],"author":[{"embeddable":true,"href":"https:\/\/www.atletica75.it\/wp2\/wp-json\/wp\/v2\/users\/2"}],"replies":[{"embeddable":true,"href":"https:\/\/www.atletica75.it\/wp2\/wp-json\/wp\/v2\/comments?post=2257"}],"version-history":[{"count":0,"href":"https:\/\/www.atletica75.it\/wp2\/wp-json\/wp\/v2\/posts\/2257\/revisions"}],"wp:attachment":[{"href":"https:\/\/www.atletica75.it\/wp2\/wp-json\/wp\/v2\/media?parent=2257"}],"wp:term":[{"taxonomy":"category","embeddable":true,"href":"https:\/\/www.atletica75.it\/wp2\/wp-json\/wp\/v2\/categories?post=2257"},{"taxonomy":"post_tag","embeddable":true,"href":"https:\/\/www.atletica75.it\/wp2\/wp-json\/wp\/v2\/tags?post=2257"}],"curies":[{"name":"wp","href":"https:\/\/api.w.org\/{rel}","templated":true}]}}