{"id":2275,"date":"2013-02-11T13:08:25","date_gmt":"2013-02-11T13:08:25","guid":{"rendered":"http:\/\/www.atletica75.it\/?p=2275"},"modified":"2013-02-11T13:08:25","modified_gmt":"2013-02-11T13:08:25","slug":"serie-b-2013-fase-unica-regionale","status":"publish","type":"post","link":"https:\/\/www.atletica75.it\/wp2\/2013\/02\/11\/serie-b-2013-fase-unica-regionale\/","title":{"rendered":"Serie B 2013 &#8211; Fase Unica Regionale"},"content":{"rendered":"<p>[singlepic id=791 w=320 h=240 float=left]Il fulcro dell&#8217;attivit\u00e0 federale regionale (e non solo) \u00e8 ben fissato nella bassa romagna. Infatti nella solita palestra &#8220;Renato Serra&#8221; di Cesena domenica 10 febbraio era prevista la prima fase della prestigiosa Serie B a squadre, passerella agonistica che inizia il suo percorso dalla prova regionale obbligatoria su tutto il territorio nazionale, continuer\u00e0 con gli interregionali di marzo (24 societ\u00e0) a Rosignano (LI) e culminer\u00e0 con l&#8217;ambita prova nazionale. Presente l&#8217;Atletica 75 Cattolica con Giorgia, Giulia, Jessica e Martina. Periodo di avvicinamento non facile per le ragazze; \u00e8 normale che<!--more--> la tensione emotiva salga insieme al livello delle difficolt\u00e0. Nota dolente \u00e8 la rinuncia di Martina che non c&#8217;\u00e8 l&#8217;ha fatta a recuperare dall&#8217;infortunio che limita i suoi allenamenti ormai da met\u00e0 dicembre. Assente in campo gara \u00e8 stata comunque il quarto elemento che ha guidato dalla tribuna il tifo per le sue compagne.<\/p>\n<p>La cronaca. Rotazione favorevole perch\u00e9 il primo attrezzo \u00e8 il volteggio, disciplina di punta che conferma i nostri alti valori, specie per Giulia che strappa 13,60. Poi le parallele. Jessica tenta per la prima volta il nuovo esercizio e, nonostante un errore che la costringe a modificare in corso d&#8217;opera l&#8217;uscita finale, tiene alta la media. Le nostre ginnaste escono indenni e senza cadute dalla prova alla trave per poi controllare al corpo libero, con una buona dose di determinazione soprattutto da parte di Giorgia. La classifica finale vede l&#8217;Atletica 75 al secondo posto dietro alle fortissime ragazze della Panaro Modena, istituzione nel mondo della ginnastica anche a livello maschile, ma davanti alle dirette rivali romagnole di Cesena. Ora un po&#8217; di meritato riposo e qualche frivolo festeggiamento per il Carnevale attende le ragazze ma il duro lavoro per migliorare ancora gli esercizi non tarder\u00e0 ad arrivare, speriamo carico di quella serenit\u00e0 quotidiana che potrebbe essere il valore aggiunto.<\/p>\n<p>[nggallery id=75]<\/p>\n","protected":false},"excerpt":{"rendered":"<p>[singlepic id=791 w=320 h=240 float=left]Il fulcro dell&#8217;attivit\u00e0 federale regionale (e non solo) \u00e8 ben fissato nella bassa romagna. Infatti nella solita palestra &#8220;Renato Serra&#8221; di Cesena domenica 10 febbraio era prevista la prima fase della prestigiosa Serie B a squadre, passerella agonistica che inizia il suo percorso dalla prova regionale obbligatoria su tutto il territorio [&hellip;]<\/p>\n","protected":false},"author":2,"featured_media":0,"comment_status":"closed","ping_status":"open","sticky":false,"template":"","format":"standard","meta":{"_et_pb_use_builder":"","_et_pb_old_content":"","_et_gb_content_width":"","footnotes":""},"categories":[13],"tags":[],"_links":{"self":[{"href":"https:\/\/www.atletica75.it\/wp2\/wp-json\/wp\/v2\/posts\/2275"}],"collection":[{"href":"https:\/\/www.atletica75.it\/wp2\/wp-json\/wp\/v2\/posts"}],"about":[{"href":"https:\/\/www.atletica75.it\/wp2\/wp-json\/wp\/v2\/types\/post"}],"author":[{"embeddable":true,"href":"https:\/\/www.atletica75.it\/wp2\/wp-json\/wp\/v2\/users\/2"}],"replies":[{"embeddable":true,"href":"https:\/\/www.atletica75.it\/wp2\/wp-json\/wp\/v2\/comments?post=2275"}],"version-history":[{"count":0,"href":"https:\/\/www.atletica75.it\/wp2\/wp-json\/wp\/v2\/posts\/2275\/revisions"}],"wp:attachment":[{"href":"https:\/\/www.atletica75.it\/wp2\/wp-json\/wp\/v2\/media?parent=2275"}],"wp:term":[{"taxonomy":"category","embeddable":true,"href":"https:\/\/www.atletica75.it\/wp2\/wp-json\/wp\/v2\/categories?post=2275"},{"taxonomy":"post_tag","embeddable":true,"href":"https:\/\/www.atletica75.it\/wp2\/wp-json\/wp\/v2\/tags?post=2275"}],"curies":[{"name":"wp","href":"https:\/\/api.w.org\/{rel}","templated":true}]}}