{"id":2295,"date":"2013-02-18T12:59:23","date_gmt":"2013-02-18T12:59:23","guid":{"rendered":"http:\/\/www.atletica75.it\/?p=2295"},"modified":"2013-02-18T12:59:23","modified_gmt":"2013-02-18T12:59:23","slug":"rimini-torneo-allieve-fgi-1-prova","status":"publish","type":"post","link":"https:\/\/www.atletica75.it\/wp2\/2013\/02\/18\/rimini-torneo-allieve-fgi-1-prova\/","title":{"rendered":"Rimini: Torneo Allieve FGI &#8211; 1^ prova"},"content":{"rendered":"<p>[singlepic id=818 w=320 h=240 float=left]Innumerevoli categorie, svariate diciture, programmi tecnici differenti costellano tutto lo sport, la ginnastica artistica compresa. Le Federazioni ufficiali sono le pi\u00f9 note, gli enti di promozione sportiva come la UISP fanno la loro parte nella promozione dell&#8217;attivit\u00e0 sia amatoriale sia agonistica. L&#8217;Atletica 75 abbraccia entrambi i contesti e per l&#8217;appunto ieri, 17 febbraio 2013, era presente a Rimini per onorare il Torneo Allieve indetto dalla FGI. Categoria suddivisa in L1 (8-9-10 anni) e L2 (11-12 anni) per fare distinzione di et\u00e0 e non penalizzare troppo le bimbe di 8 anni magari alla prima esperienza che altrimenti si dovrebbero cimentare con le agguerrite e navigate 11enni. La mattinata ha visto in campo gara Lucia Magnani (L2) che si \u00e8 ben comportata soprattutto alle parallele (uscita finale nuova fiammante ben eseguita) e, nonostante un volteggio al di sotto delle sue possibilit\u00e0 ha conquistato il 22^ posto sulle 46 ginnaste totali. <!--more-->La sua gestione della prova \u00e8 stata possibile grazie ad un discreto temperamento. Il pomeriggio \u00e8 continuato con Giorgia Castaldo e Lucrezia Saioni (L1) che, tese come non mai, hanno saputo tenere a bada la fisiologica pressione solo dopo la trave, attrezzo iniziale da cui sono cadute troppo spesso che ha riservato loro dei punteggi purtroppo bassi. Si sono riscattate con eleganza al corpo libero, Lucrezia, e con potenza al volteggio, Giorgia. A sostenerle a bordo pedana Penelope Lattanzio, assente giustificata nelle liste di iscrizione per un piccolo infortunio patito in settimana ed Elisa Ortolani, la pi\u00f9 giovane del gruppo che affiler\u00e0 le armi in vista della seconda prova regionale del 24 marzo sempre in quel di Rimini.<\/p>\n","protected":false},"excerpt":{"rendered":"<p>[singlepic id=818 w=320 h=240 float=left]Innumerevoli categorie, svariate diciture, programmi tecnici differenti costellano tutto lo sport, la ginnastica artistica compresa. Le Federazioni ufficiali sono le pi\u00f9 note, gli enti di promozione sportiva come la UISP fanno la loro parte nella promozione dell&#8217;attivit\u00e0 sia amatoriale sia agonistica. L&#8217;Atletica 75 abbraccia entrambi i contesti e per l&#8217;appunto ieri, [&hellip;]<\/p>\n","protected":false},"author":2,"featured_media":0,"comment_status":"closed","ping_status":"open","sticky":false,"template":"","format":"standard","meta":{"_et_pb_use_builder":"","_et_pb_old_content":"","_et_gb_content_width":"","footnotes":""},"categories":[13],"tags":[],"_links":{"self":[{"href":"https:\/\/www.atletica75.it\/wp2\/wp-json\/wp\/v2\/posts\/2295"}],"collection":[{"href":"https:\/\/www.atletica75.it\/wp2\/wp-json\/wp\/v2\/posts"}],"about":[{"href":"https:\/\/www.atletica75.it\/wp2\/wp-json\/wp\/v2\/types\/post"}],"author":[{"embeddable":true,"href":"https:\/\/www.atletica75.it\/wp2\/wp-json\/wp\/v2\/users\/2"}],"replies":[{"embeddable":true,"href":"https:\/\/www.atletica75.it\/wp2\/wp-json\/wp\/v2\/comments?post=2295"}],"version-history":[{"count":0,"href":"https:\/\/www.atletica75.it\/wp2\/wp-json\/wp\/v2\/posts\/2295\/revisions"}],"wp:attachment":[{"href":"https:\/\/www.atletica75.it\/wp2\/wp-json\/wp\/v2\/media?parent=2295"}],"wp:term":[{"taxonomy":"category","embeddable":true,"href":"https:\/\/www.atletica75.it\/wp2\/wp-json\/wp\/v2\/categories?post=2295"},{"taxonomy":"post_tag","embeddable":true,"href":"https:\/\/www.atletica75.it\/wp2\/wp-json\/wp\/v2\/tags?post=2295"}],"curies":[{"name":"wp","href":"https:\/\/api.w.org\/{rel}","templated":true}]}}