{"id":2364,"date":"2013-03-12T09:26:36","date_gmt":"2013-03-12T09:26:36","guid":{"rendered":"http:\/\/www.atletica75.it\/?p=2364"},"modified":"2013-03-12T09:26:36","modified_gmt":"2013-03-12T09:26:36","slug":"uisp-1-prova-regionale-3-4-5-6-categoriaspecialitaover","status":"publish","type":"post","link":"https:\/\/www.atletica75.it\/wp2\/2013\/03\/12\/uisp-1-prova-regionale-3-4-5-6-categoriaspecialitaover\/","title":{"rendered":"UISP &#8211; 1^ prova regionale 3^-4^-5^-6^ categoria\/Specialit\u00e0\/Over"},"content":{"rendered":"<p><a href=\"https:\/\/www.atletica75.it\/wp2\/wp-content\/uploads\/2013\/03\/Stemma-a-torta.jpg\"><img decoding=\"async\" loading=\"lazy\" class=\"alignleft size-medium wp-image-2369\" title=\"Stemma a torta\" src=\"https:\/\/www.atletica75.it\/wp2\/wp-content\/uploads\/2013\/03\/Stemma-a-torta-300x225.jpg\" alt=\"\" width=\"300\" height=\"225\" \/><\/a>Anche nel 2013 Cattolica \u00e8 una delle protagoniste della ginnastica regionale UISP. Infatti entrambe le prove di qualificazione ai Nazionali (in Toscana tra fine maggio e inizi giugno &#8211; ndr) delle categorie dalla terza alla sesta sono in calendario nella &#8220;Regina dell&#8217;Adriatico&#8221; presso le strutture dell&#8217;Atletica 75. La prima delle due, il 10 marzo, ha visto circa 140 ginnaste battagliare sul campo gara allestito dal rodato gruppo di ragazze e ragazzi della nostra societ\u00e0, tutti insegnanti preparati e appassionati, sostenuti con forza da dirigenti e amici. La giornata \u00e8 iniziata presto ed \u00e8 finita a tarda serata. Non sono mancate le sorprese tecniche, qualche delusione, tutte cose che fanno parte del &#8220;gioco&#8221;.<!--more--><\/p>\n<p>Niente classifiche questa volta nel resoconto. C&#8217;\u00e8 da sottolineare invece la partecipazione in massa delle nostre ginnaste, non perch\u00e9 come ovvio si gareggiava in casa ma per l&#8217;interesse dimostrato nel mese precedente. Interesse controverso. Tensione oggettiva e maniacale di alcune, &#8220;musi lunghi&#8221; di altre, sorrisi per un inatteso elemento ben riuscito di altre ancora. Non sono mancate crisi personali, abbracci di conforto, reazioni grintose. Quando ci si avvicina ad un evento agonistico, si \u00e8 rimarcato pi\u00f9 volte, subentrano dinamiche mentali che si sistemano dietro ai comportamenti pi\u00f9 svariati. Ci\u00f2 che riesce a scatenare &#8220;LA&#8221; gara va oltre i valori tecnici, essa mette a dura prova il carattere anche nel tempo precedente e scuote fortemente la personalit\u00e0. Nel gergo specifico si vede la competizione (e anche l&#8217;allenamento) come &#8220;stressante&#8221; nell&#8217;accezione positiva di naturale adattamento alle situazioni, come mezzo per comprendere e aumentare le proprie capacit\u00e0 intellettive.<\/p>\n<p>Domenica \u00e8 emerso proprio questo aspetto per le nostre ginnaste, \u00e8 venuto fuori quello che sta dietro ai numeri ossia l&#8217;emotivit\u00e0, le aspirazioni, i limiti, la realt\u00e0. In ogni sport i risultati determinano le scelte e viceversa, lo sanno tutti, ma importa di pi\u00f9 l&#8217;analisi di quei risultati e di quelle scelte. Nella prima fase UISP delle categorie &#8220;alte&#8221; tutte le ginnaste dell&#8217;Atletica 75 hanno dato il massimo. Non \u00e8 questa una vittoria? Per noi s\u00ec.<\/p>\n<p>A breve potrete vedere anche i risultati cliccando sul link delle Classifiche GAF 2013.<\/p>\n<p><a title=\"Risultati Cattolica 10 marzo\" href=\"http:\/\/mbgym.mutinabit.it\/2013\/index.php?id=1008&amp;mod=risultati\">http:\/\/mbgym.mutinabit.it\/2013\/index.php?id=1008&amp;mod=risultati<\/a><\/p>\n","protected":false},"excerpt":{"rendered":"<p>Anche nel 2013 Cattolica \u00e8 una delle protagoniste della ginnastica regionale UISP. Infatti entrambe le prove di qualificazione ai Nazionali (in Toscana tra fine maggio e inizi giugno &#8211; ndr) delle categorie dalla terza alla sesta sono in calendario nella &#8220;Regina dell&#8217;Adriatico&#8221; presso le strutture dell&#8217;Atletica 75. La prima delle due, il 10 marzo, ha [&hellip;]<\/p>\n","protected":false},"author":2,"featured_media":0,"comment_status":"closed","ping_status":"open","sticky":false,"template":"","format":"standard","meta":{"_et_pb_use_builder":"","_et_pb_old_content":"","_et_gb_content_width":"","footnotes":""},"categories":[13],"tags":[],"_links":{"self":[{"href":"https:\/\/www.atletica75.it\/wp2\/wp-json\/wp\/v2\/posts\/2364"}],"collection":[{"href":"https:\/\/www.atletica75.it\/wp2\/wp-json\/wp\/v2\/posts"}],"about":[{"href":"https:\/\/www.atletica75.it\/wp2\/wp-json\/wp\/v2\/types\/post"}],"author":[{"embeddable":true,"href":"https:\/\/www.atletica75.it\/wp2\/wp-json\/wp\/v2\/users\/2"}],"replies":[{"embeddable":true,"href":"https:\/\/www.atletica75.it\/wp2\/wp-json\/wp\/v2\/comments?post=2364"}],"version-history":[{"count":0,"href":"https:\/\/www.atletica75.it\/wp2\/wp-json\/wp\/v2\/posts\/2364\/revisions"}],"wp:attachment":[{"href":"https:\/\/www.atletica75.it\/wp2\/wp-json\/wp\/v2\/media?parent=2364"}],"wp:term":[{"taxonomy":"category","embeddable":true,"href":"https:\/\/www.atletica75.it\/wp2\/wp-json\/wp\/v2\/categories?post=2364"},{"taxonomy":"post_tag","embeddable":true,"href":"https:\/\/www.atletica75.it\/wp2\/wp-json\/wp\/v2\/tags?post=2364"}],"curies":[{"name":"wp","href":"https:\/\/api.w.org\/{rel}","templated":true}]}}