{"id":2377,"date":"2013-03-17T13:26:31","date_gmt":"2013-03-17T13:26:31","guid":{"rendered":"http:\/\/www.atletica75.it\/?p=2377"},"modified":"2013-03-17T13:26:31","modified_gmt":"2013-03-17T13:26:31","slug":"serie-b-2013-fase-interregionale-in-aggiornamento","status":"publish","type":"post","link":"https:\/\/www.atletica75.it\/wp2\/2013\/03\/17\/serie-b-2013-fase-interregionale-in-aggiornamento\/","title":{"rendered":"Serie B 2013 &#8211; Fase Interregionale &#8211; Finale agrodolce"},"content":{"rendered":"<p>[singlepic id=803 w=320 h=240 float=left]Venerd\u00ec pomeriggio partenza alla volta di Rosignano (LI) per Giulia, Giorgia, Jessica per affrontare la dura prova interregionale della competizione a squadre di Serie B. Martina non ha ancora pienamente recuperato dall&#8217;infortunio ed \u00e8 stata costretta a rimanere a casa. Ieri \u00e8 stata una giornata dedicata all&#8217;ultima prova generale, un allenamento di &#8220;rifinitura&#8221; per testare gli attrezzi e ambientarsi su un campo gara pieno di aspirazioni per tutte le ginnaste presenti. Oggi alle 13 inizia il loro turno di gara.<\/p>\n<p>L&#8217;EPILOGO<!--more--><\/p>\n<p>Domenica pomeriggio i nostri animi erano pi\u00f9 freddi rispetto alla vigilia. Ogni &#8220;giorno prima&#8221; \u00e8 sempre teso, carico, pieno di aspettative, insomma ci abbiamo sperato come \u00e8 giusto che fosse! Invece, troppi errori delle nostre ginnaste biancazzurre, errori anche sciocchi, imperfezioni inattese, occhi spaesati. Tutte considerazioni che nel dopo gara si sono fatte per analizzare la prova opaca di Giulia, Jessica e Giorgia. Prova sottotono giustificata dal fatto che il livello \u00e8 stato decisamente alto, squadre agguerrite, si sono visti elementi eccellenti in tutti gli attrezzi. Non abbiamo saputo essere incisive come nella fase regionale. Ma non c&#8217;\u00e8 di che scoraggiarsi. Fa tutto parte del gioco, si vince e si perde, si \u00e8 perfetti e anche imperfetti, si \u00e8 grintosi e pure impauriti. Le ragazze hanno cercato di dare il massimo e questo \u00e8 molto importante, dobbiamo essere tutti \u00a0orgogliosi di questa trasferta che \u00e8 esperienza emotiva forte da mettere nel cassetto, ginnaste, insegnanti, genitori. Soddisfatti per ci\u00f2 che \u00e8 stato raggiunto finora. Ora l&#8217;attenzione si sposta su altre gare, appuntamenti che possono riservare grossi risultati.<\/p>\n","protected":false},"excerpt":{"rendered":"<p>[singlepic id=803 w=320 h=240 float=left]Venerd\u00ec pomeriggio partenza alla volta di Rosignano (LI) per Giulia, Giorgia, Jessica per affrontare la dura prova interregionale della competizione a squadre di Serie B. Martina non ha ancora pienamente recuperato dall&#8217;infortunio ed \u00e8 stata costretta a rimanere a casa. Ieri \u00e8 stata una giornata dedicata all&#8217;ultima prova generale, un allenamento [&hellip;]<\/p>\n","protected":false},"author":2,"featured_media":0,"comment_status":"closed","ping_status":"open","sticky":false,"template":"","format":"standard","meta":{"_et_pb_use_builder":"","_et_pb_old_content":"","_et_gb_content_width":"","footnotes":""},"categories":[13],"tags":[],"_links":{"self":[{"href":"https:\/\/www.atletica75.it\/wp2\/wp-json\/wp\/v2\/posts\/2377"}],"collection":[{"href":"https:\/\/www.atletica75.it\/wp2\/wp-json\/wp\/v2\/posts"}],"about":[{"href":"https:\/\/www.atletica75.it\/wp2\/wp-json\/wp\/v2\/types\/post"}],"author":[{"embeddable":true,"href":"https:\/\/www.atletica75.it\/wp2\/wp-json\/wp\/v2\/users\/2"}],"replies":[{"embeddable":true,"href":"https:\/\/www.atletica75.it\/wp2\/wp-json\/wp\/v2\/comments?post=2377"}],"version-history":[{"count":0,"href":"https:\/\/www.atletica75.it\/wp2\/wp-json\/wp\/v2\/posts\/2377\/revisions"}],"wp:attachment":[{"href":"https:\/\/www.atletica75.it\/wp2\/wp-json\/wp\/v2\/media?parent=2377"}],"wp:term":[{"taxonomy":"category","embeddable":true,"href":"https:\/\/www.atletica75.it\/wp2\/wp-json\/wp\/v2\/categories?post=2377"},{"taxonomy":"post_tag","embeddable":true,"href":"https:\/\/www.atletica75.it\/wp2\/wp-json\/wp\/v2\/tags?post=2377"}],"curies":[{"name":"wp","href":"https:\/\/api.w.org\/{rel}","templated":true}]}}