{"id":2519,"date":"2013-06-15T12:16:11","date_gmt":"2013-06-15T12:16:11","guid":{"rendered":"http:\/\/www.atletica75.it\/?p=2519"},"modified":"2013-06-15T12:16:11","modified_gmt":"2013-06-15T12:16:11","slug":"verra-lestate","status":"publish","type":"post","link":"https:\/\/www.atletica75.it\/wp2\/2013\/06\/15\/verra-lestate\/","title":{"rendered":"Verr\u00e0 l&#8217;estate"},"content":{"rendered":"<p><a href=\"https:\/\/www.atletica75.it\/wp2\/wp-content\/uploads\/2011\/02\/A75-cena-sociale-2010-3874.jpg\"><img decoding=\"async\" loading=\"lazy\" class=\"alignleft size-medium wp-image-866\" title=\"A75 cena sociale 2010-3874\" src=\"https:\/\/www.atletica75.it\/wp2\/wp-content\/uploads\/2011\/02\/A75-cena-sociale-2010-3874-300x199.jpg\" alt=\"\" width=\"300\" height=\"199\" \/><\/a>Verr\u00e0 l&#8217;estate, anzi, \u00e8 appena arrivata e speriamo che duri! Estate per l&#8217;Atletica 75 significa situazioni diverse.<\/p>\n<p>L&#8217;<span style=\"text-decoration: underline;\"><strong>atletica<\/strong><\/span> \u00e8 nel pieno degli appuntamenti agonistici sia giovanili che assoluti. Infatti il calendario \u00e8 fitto di meeting regionali e nazionali a cui i nostri tesserati parteciperanno (fra i principali il 19 giugno a San Marino, il 23 giugno a Ferrara, il 3 luglio a Misano); un nostro corridore, Alex Pagnini, \u00e8 addirittura impegnato proprio in questi istanti a Rieti con le staffette 4&#215;100 e 4&#215;400 dell&#8217;Atletica Santamonica Misano<!--more--> (squadra a cui \u00e8 stato ceduto in prestito nel 2013) in occasione dei Campionati Italiani Junior e Promesse (dai 18 ai 23 anni).<\/p>\n<p>Gli appassionati <span style=\"text-decoration: underline;\"><strong>podisti<\/strong><\/span> biancazzurri si dividono sui percorsi cittadini di innumerevoli localit\u00e0 italiane: &#8220;macinano&#8221; chilometri, &#8220;tirano&#8221; volate, &#8220;spezzano&#8221; ritmi di gara per ottenere i piazzamenti migliori su compagni e avversari. Alcuni di loro partecipano (ed hanno partecipato) a estenuanti maratone anche all&#8217;estero e pochi temerari si cimenteranno su tracciati di cross country e altre specialit\u00e0 estreme.<\/p>\n<p>La <span style=\"text-decoration: underline;\"><strong>ginnastica<\/strong><\/span> vive invece sonni tranquilli. Si fa per dire. Luglio e agosto sono mesi dedicati alla preparazione generale e specifica, si decidono piani di allenamento ed esercizi su cui lavorare per l&#8217;autunno prossimo, periodo in cui si ricomincer\u00e0 a calcare le pedane di tutta l&#8217;Emilia Romagna e dell&#8217;Italia del Nord-Est.<\/p>\n<p>Non solo agonismo per\u00f2. Sono <span style=\"text-decoration: underline;\"><strong>attivi a giugno anche corsi base di ginnastica artistica<\/strong><\/span> con la modalit\u00e0 &#8220;campo estivo&#8221; ed \u00e8 in trepida attesa di esibirsi anche il <strong><span style=\"text-decoration: underline;\">gruppo coreografico<\/span><\/strong>, impegnato nella &#8220;pulizia&#8221; dei suoi pezzi in vista delle collaborazioni ad eventi sportivo\/culturali che la nostra societ\u00e0 ha in piedi da anni con altre realt\u00e0 sportive del territorio.<\/p>\n<p>Ce ne \u00e8 per tutti e a tutti, quindi, un caloroso augurio di buon lavoro e in bocca al lupo.<\/p>\n<p>Atletica 75 Cattolica<\/p>\n","protected":false},"excerpt":{"rendered":"<p>Verr\u00e0 l&#8217;estate, anzi, \u00e8 appena arrivata e speriamo che duri! Estate per l&#8217;Atletica 75 significa situazioni diverse. L&#8217;atletica \u00e8 nel pieno degli appuntamenti agonistici sia giovanili che assoluti. Infatti il calendario \u00e8 fitto di meeting regionali e nazionali a cui i nostri tesserati parteciperanno (fra i principali il 19 giugno a San Marino, il 23 [&hellip;]<\/p>\n","protected":false},"author":2,"featured_media":0,"comment_status":"closed","ping_status":"open","sticky":false,"template":"","format":"standard","meta":{"_et_pb_use_builder":"","_et_pb_old_content":"","_et_gb_content_width":"","footnotes":""},"categories":[10,13,14],"tags":[],"_links":{"self":[{"href":"https:\/\/www.atletica75.it\/wp2\/wp-json\/wp\/v2\/posts\/2519"}],"collection":[{"href":"https:\/\/www.atletica75.it\/wp2\/wp-json\/wp\/v2\/posts"}],"about":[{"href":"https:\/\/www.atletica75.it\/wp2\/wp-json\/wp\/v2\/types\/post"}],"author":[{"embeddable":true,"href":"https:\/\/www.atletica75.it\/wp2\/wp-json\/wp\/v2\/users\/2"}],"replies":[{"embeddable":true,"href":"https:\/\/www.atletica75.it\/wp2\/wp-json\/wp\/v2\/comments?post=2519"}],"version-history":[{"count":0,"href":"https:\/\/www.atletica75.it\/wp2\/wp-json\/wp\/v2\/posts\/2519\/revisions"}],"wp:attachment":[{"href":"https:\/\/www.atletica75.it\/wp2\/wp-json\/wp\/v2\/media?parent=2519"}],"wp:term":[{"taxonomy":"category","embeddable":true,"href":"https:\/\/www.atletica75.it\/wp2\/wp-json\/wp\/v2\/categories?post=2519"},{"taxonomy":"post_tag","embeddable":true,"href":"https:\/\/www.atletica75.it\/wp2\/wp-json\/wp\/v2\/tags?post=2519"}],"curies":[{"name":"wp","href":"https:\/\/api.w.org\/{rel}","templated":true}]}}