{"id":2587,"date":"2013-08-11T11:33:16","date_gmt":"2013-08-11T11:33:16","guid":{"rendered":"http:\/\/www.atletica75.it\/?p=2587"},"modified":"2013-08-11T11:33:16","modified_gmt":"2013-08-11T11:33:16","slug":"latletica-75-applaude-valeria-straneo","status":"publish","type":"post","link":"https:\/\/www.atletica75.it\/wp2\/2013\/08\/11\/latletica-75-applaude-valeria-straneo\/","title":{"rendered":"L&#8217;Atletica 75 applaude Valeria Straneo"},"content":{"rendered":"<p><a href=\"https:\/\/www.atletica75.it\/wp2\/wp-content\/uploads\/2013\/08\/StraneMosca2013.jpg\"><img decoding=\"async\" loading=\"lazy\" class=\"alignleft size-medium wp-image-2589\" title=\"StraneMosca2013\" src=\"https:\/\/www.atletica75.it\/wp2\/wp-content\/uploads\/2013\/08\/StraneMosca2013-300x200.jpg\" alt=\"\" width=\"300\" height=\"200\" \/><\/a>Forse era nell&#8217;aria o forse no. Sta di fatto che Valeria Straneo, atleta piemontese di 37 anni, ha centrato la seconda piazza nella maratona mondiale di Mosca, un argento che vale oro vista la concorrenza delle nordafricane, felini inarrivabili che ieri, sabato 10 agosto, hanno dovuto per\u00f2 cedere il passo all&#8217;azzurra.<\/p>\n<p>Pochi giorni fa la Straneo \u00e8 stata graditissima ospite a sorpresa dell&#8217;evento di salto con l&#8217;asta in piazza (M&#8217;ASTABON), venuta ad applaudire un&#8217;amica saltatrice. Disponibile e gentile nelle premiazioni della serata ha accolto con piacere l&#8217;augurio cattolichino di &#8220;in bocca al lupo&#8221; per la 42 km iridata. Evidentemente l&#8217;abbraccio di Cattolica \u00e8 stato di buon auspicio, o perlomeno a noi piace vederla cos\u00ec perch\u00e9 \u00e8 sempre una bella emozione accogliere un atleta azzurro a casa propria e sostenerlo nelle sue imprese sportive. Complimenti Valeria.<\/p>\n<p>( foto Colombo\/Fidal )<\/p>\n","protected":false},"excerpt":{"rendered":"<p>Forse era nell&#8217;aria o forse no. Sta di fatto che Valeria Straneo, atleta piemontese di 37 anni, ha centrato la seconda piazza nella maratona mondiale di Mosca, un argento che vale oro vista la concorrenza delle nordafricane, felini inarrivabili che ieri, sabato 10 agosto, hanno dovuto per\u00f2 cedere il passo all&#8217;azzurra. Pochi giorni fa la [&hellip;]<\/p>\n","protected":false},"author":2,"featured_media":0,"comment_status":"closed","ping_status":"open","sticky":false,"template":"","format":"standard","meta":{"_et_pb_use_builder":"","_et_pb_old_content":"","_et_gb_content_width":"","footnotes":""},"categories":[14],"tags":[],"_links":{"self":[{"href":"https:\/\/www.atletica75.it\/wp2\/wp-json\/wp\/v2\/posts\/2587"}],"collection":[{"href":"https:\/\/www.atletica75.it\/wp2\/wp-json\/wp\/v2\/posts"}],"about":[{"href":"https:\/\/www.atletica75.it\/wp2\/wp-json\/wp\/v2\/types\/post"}],"author":[{"embeddable":true,"href":"https:\/\/www.atletica75.it\/wp2\/wp-json\/wp\/v2\/users\/2"}],"replies":[{"embeddable":true,"href":"https:\/\/www.atletica75.it\/wp2\/wp-json\/wp\/v2\/comments?post=2587"}],"version-history":[{"count":0,"href":"https:\/\/www.atletica75.it\/wp2\/wp-json\/wp\/v2\/posts\/2587\/revisions"}],"wp:attachment":[{"href":"https:\/\/www.atletica75.it\/wp2\/wp-json\/wp\/v2\/media?parent=2587"}],"wp:term":[{"taxonomy":"category","embeddable":true,"href":"https:\/\/www.atletica75.it\/wp2\/wp-json\/wp\/v2\/categories?post=2587"},{"taxonomy":"post_tag","embeddable":true,"href":"https:\/\/www.atletica75.it\/wp2\/wp-json\/wp\/v2\/tags?post=2587"}],"curies":[{"name":"wp","href":"https:\/\/api.w.org\/{rel}","templated":true}]}}