{"id":2655,"date":"2013-10-09T07:52:12","date_gmt":"2013-10-09T07:52:12","guid":{"rendered":"http:\/\/www.atletica75.it\/?p=2655"},"modified":"2013-10-09T07:52:12","modified_gmt":"2013-10-09T07:52:12","slug":"al-via-la-stagione-agonistica-della-ginnastica","status":"publish","type":"post","link":"https:\/\/www.atletica75.it\/wp2\/2013\/10\/09\/al-via-la-stagione-agonistica-della-ginnastica\/","title":{"rendered":"Al via la stagione agonistica della ginnastica"},"content":{"rendered":"<p>[singlepic id=909 w=320 h=240 float=left]Domenica 6 ottobre si \u00e8 aperto ufficialmente l&#8217;anno sportivo della ginnastica con la prima prova di specialit\u00e0 e di categoria junior. La sede \u00e8 la solita e impeccabile Cesena (palestra R. Serra). La Federazione Nazionale riparte dunque dalla romagna, sempreverde bacino di giovani ginnasti arrembanti e fucina di tecnici ed educatori preparati a puntino.<\/p>\n<p>Tre iscritte per l&#8217;Atletica 75, Giorgia, Martina e Jessica. Le prime due hanno partecipato alla prova di specialit\u00e0 sul volteggio esibendo l&#8217;ormai assodato &#8220;Yurchenko teso&#8221; (rondata &#8211; flik &#8211; salto) conquistando rispettivamente il sesto e il quinto posto finale. <!--more-->Una imperfezione nell&#8217;atteggiamento aereo notata dai giudici ha purtroppo penalizzato le nostre ragazze. Jessica invece prende parte a tutte le rotazioni sui 4 attrezzi. Bel corpo libero con un doppio salto raccolto, volteggio sicuro, trave grintosa per recuperare l&#8217;opaca prova alle sue parallele. In quest&#8217;ultimo attrezzo sono stati inseriti passaggi pi\u00f9 complessi che evidentemente devono essere ancora stabilizzati. La quarta compagna di avventure, Giulia, ha deciso di incitare a squarciagola le sue amiche dalla tribuna ma con il cuore sempre vicina a loro in pedana.<\/p>\n<p>La prima uscita in campo gara sottotono pu\u00f2 essere considerata &#8220;fisiologica&#8221; dagli addetti ai lavori. Tre mesi preparatori con stimoli nervosi differenti rispetto alla competizione, il programma di gara pi\u00f9 complesso e le vicissitudini personali dovute all&#8217;adolescenza sono tutti aspetti da mettere in conto e con cui confrontarsi. Animi comunque sereni in vista della seconda opportunit\u00e0 regionale (sempre a Cesena il 3 novembre) per tentare le qualificazioni alle fasi superiori. Forza ragazze !<\/p>\n","protected":false},"excerpt":{"rendered":"<p>[singlepic id=909 w=320 h=240 float=left]Domenica 6 ottobre si \u00e8 aperto ufficialmente l&#8217;anno sportivo della ginnastica con la prima prova di specialit\u00e0 e di categoria junior. La sede \u00e8 la solita e impeccabile Cesena (palestra R. Serra). La Federazione Nazionale riparte dunque dalla romagna, sempreverde bacino di giovani ginnasti arrembanti e fucina di tecnici ed educatori [&hellip;]<\/p>\n","protected":false},"author":2,"featured_media":0,"comment_status":"closed","ping_status":"open","sticky":false,"template":"","format":"standard","meta":{"_et_pb_use_builder":"","_et_pb_old_content":"","_et_gb_content_width":"","footnotes":""},"categories":[13],"tags":[],"_links":{"self":[{"href":"https:\/\/www.atletica75.it\/wp2\/wp-json\/wp\/v2\/posts\/2655"}],"collection":[{"href":"https:\/\/www.atletica75.it\/wp2\/wp-json\/wp\/v2\/posts"}],"about":[{"href":"https:\/\/www.atletica75.it\/wp2\/wp-json\/wp\/v2\/types\/post"}],"author":[{"embeddable":true,"href":"https:\/\/www.atletica75.it\/wp2\/wp-json\/wp\/v2\/users\/2"}],"replies":[{"embeddable":true,"href":"https:\/\/www.atletica75.it\/wp2\/wp-json\/wp\/v2\/comments?post=2655"}],"version-history":[{"count":0,"href":"https:\/\/www.atletica75.it\/wp2\/wp-json\/wp\/v2\/posts\/2655\/revisions"}],"wp:attachment":[{"href":"https:\/\/www.atletica75.it\/wp2\/wp-json\/wp\/v2\/media?parent=2655"}],"wp:term":[{"taxonomy":"category","embeddable":true,"href":"https:\/\/www.atletica75.it\/wp2\/wp-json\/wp\/v2\/categories?post=2655"},{"taxonomy":"post_tag","embeddable":true,"href":"https:\/\/www.atletica75.it\/wp2\/wp-json\/wp\/v2\/tags?post=2655"}],"curies":[{"name":"wp","href":"https:\/\/api.w.org\/{rel}","templated":true}]}}