{"id":2681,"date":"2013-11-05T11:23:57","date_gmt":"2013-11-05T11:23:57","guid":{"rendered":"http:\/\/www.atletica75.it\/?p=2681"},"modified":"2013-11-05T11:23:57","modified_gmt":"2013-11-05T11:23:57","slug":"gare-di-specialita-e-di-categoria-fgi-seconda-prova-regionale","status":"publish","type":"post","link":"https:\/\/www.atletica75.it\/wp2\/2013\/11\/05\/gare-di-specialita-e-di-categoria-fgi-seconda-prova-regionale\/","title":{"rendered":"Gare di specialit\u00e0 e di categoria FGI &#8211; Seconda prova regionale"},"content":{"rendered":"<p>[singlepic id=914 w=320 h=240 float=left]Il secondo atto regionale di Federazione ha visto il riscatto delle nostre ginnaste dopo una prima uscita decisamente sotto tono. Partiamo da Giorgia Dini. Una delle rare volte che il carattere ha prevalso sui timori della gemella ha portato ad un risultato splendido sotto gli occhi di tutti. Ottimo corpo libero con la solita eleganza ma con una significativa verve nelle diagonali acrobatiche che ha fatto la differenza. Al volteggio poi ha centrato un&#8217;altra qualificazione per la fase nazionale di Mortara (PV) il 7\/8 dicembre prossimi. Ora ci si deve fare forza sulla tenacia che ha fatto capolino per ripetersi ancora sui questi livelli. Cosa di certo non facile ma vale la pena provarci Gio&#8217;, \u00e8 nelle tue possibilit\u00e0 e noi saremo con te!<!--more--><\/p>\n<p>L&#8217;altra gemella, Jessica, ha disputato tutti gli attrezzi (gara di categoria &#8211; ndr) portando a termine la gara con buona sicurezza. Se al corpo libero e al volteggio non ha avuto grossi problemi, le parallele le hanno reso la vita difficile con una caduta che non ha condizionato per\u00f2 il giudizio discreto scaturito da una impeccabile prima parte di esercizio. Questo spavento le ha svegliato la capacit\u00e0 di reazione che alla trave, ultimo attrezzo, ha permesso una esecuzione molto pulita e soprattutto senza cadute. Ora Je&#8217; ti aspetta Biella (sede dei Campionati Italiani di categoria), contesto ampiamente meritato ma duro che non deve per\u00f2 stravolgere la tua personalit\u00e0 di combattente.<\/p>\n<p>La terza ginnasta, Martina Pensalfini, ha dato sfoggio della sua estrema adattabilit\u00e0 e polivalenza conquistando il quinto posto finale alle parallele, attrezzo per lei complicato che premia, di solito, ginnaste dalle diverse leve corporee. Martina ha dimostrato invece che le classificazioni &#8220;saltano&#8221; quando la concentrazione \u00e8 buona e la grinta pu\u00f2 far raggiungere limiti inattesi. Onore a lei che \u00e8 gi\u00e0 sicura di andare insieme a Giorgia a Mortara e restiamo in attesa del responso anche sul &#8220;suo&#8221; volteggio, probabile seconda qualificazione ai nazionali. Incrociamo le dita Marti !<\/p>\n","protected":false},"excerpt":{"rendered":"<p>[singlepic id=914 w=320 h=240 float=left]Il secondo atto regionale di Federazione ha visto il riscatto delle nostre ginnaste dopo una prima uscita decisamente sotto tono. Partiamo da Giorgia Dini. Una delle rare volte che il carattere ha prevalso sui timori della gemella ha portato ad un risultato splendido sotto gli occhi di tutti. Ottimo corpo libero [&hellip;]<\/p>\n","protected":false},"author":2,"featured_media":0,"comment_status":"closed","ping_status":"open","sticky":false,"template":"","format":"standard","meta":{"_et_pb_use_builder":"","_et_pb_old_content":"","_et_gb_content_width":"","footnotes":""},"categories":[13],"tags":[],"_links":{"self":[{"href":"https:\/\/www.atletica75.it\/wp2\/wp-json\/wp\/v2\/posts\/2681"}],"collection":[{"href":"https:\/\/www.atletica75.it\/wp2\/wp-json\/wp\/v2\/posts"}],"about":[{"href":"https:\/\/www.atletica75.it\/wp2\/wp-json\/wp\/v2\/types\/post"}],"author":[{"embeddable":true,"href":"https:\/\/www.atletica75.it\/wp2\/wp-json\/wp\/v2\/users\/2"}],"replies":[{"embeddable":true,"href":"https:\/\/www.atletica75.it\/wp2\/wp-json\/wp\/v2\/comments?post=2681"}],"version-history":[{"count":0,"href":"https:\/\/www.atletica75.it\/wp2\/wp-json\/wp\/v2\/posts\/2681\/revisions"}],"wp:attachment":[{"href":"https:\/\/www.atletica75.it\/wp2\/wp-json\/wp\/v2\/media?parent=2681"}],"wp:term":[{"taxonomy":"category","embeddable":true,"href":"https:\/\/www.atletica75.it\/wp2\/wp-json\/wp\/v2\/categories?post=2681"},{"taxonomy":"post_tag","embeddable":true,"href":"https:\/\/www.atletica75.it\/wp2\/wp-json\/wp\/v2\/tags?post=2681"}],"curies":[{"name":"wp","href":"https:\/\/api.w.org\/{rel}","templated":true}]}}