{"id":2754,"date":"2014-01-06T14:48:43","date_gmt":"2014-01-06T14:48:43","guid":{"rendered":"http:\/\/www.atletica75.it\/?p=2754"},"modified":"2014-01-06T14:48:43","modified_gmt":"2014-01-06T14:48:43","slug":"attivita-inverno-2014","status":"publish","type":"post","link":"https:\/\/www.atletica75.it\/wp2\/2014\/01\/06\/attivita-inverno-2014\/","title":{"rendered":"Attivit\u00e0 Inverno 2014"},"content":{"rendered":"<p><a href=\"https:\/\/www.atletica75.it\/wp2\/wp-content\/uploads\/2013\/12\/calegif.jpg\"><img decoding=\"async\" loading=\"lazy\" class=\"alignleft size-full wp-image-2761\" title=\"calegif\" src=\"https:\/\/www.atletica75.it\/wp2\/wp-content\/uploads\/2013\/12\/calegif.jpg\" alt=\"\" width=\"231\" height=\"218\" \/><\/a>Pubblicati i calendari invernali dell&#8217;atletica leggera in &#8220;sala&#8221;. Protagoniste ancora le <strong>Marche<\/strong> che ospiteranno l&#8217;atletica nazionale che conta: <span style=\"text-decoration: underline;\">Ancona\u00a0<\/span>vedr\u00e0 l&#8217;anello di 200 metri affollato per quasi tre mesi tra meeting e appuntamenti istituzionali (Campionati Federali di ciascuna categoria) e <span style=\"text-decoration: underline;\">Fermo<\/span>\u00a0proporr\u00e0 due manifestazioni agonistiche sul rettilineo coperto, una dedicata alla velocit\u00e0 sui 60 metri e una alla tradizionale sfida di salto con l&#8217;asta. <strong>Modena<\/strong> avr\u00e0 le redini dell&#8217;attivit\u00e0 regionale dell&#8217;Emilia Romagna come di consueto. Si fa largo <strong>Padova<\/strong>, omaggiata di un nuovissimo impianto polivalente che consta di anello e pedane fresche di posa in opera. Dicevamo la polifunzionalit\u00e0 come caratteristica regina della politica sportiva veneta, davvero sensibile a tutti gli aspetti dello sport. Infatti proprio a fianco delle strutture dedicate all&#8217;atletica sono state allestite ormai <!--more-->da tempo le attrezzature per la ginnastica artistica, due attivit\u00e0 che possono coesistere sotto lo stesso tetto&#8230;in questo senso a Cattolica ci sentiamo degli anticipatori&#8230;anche se il confronto \u00e8 improponibile visti i mezzi e soprattutto l&#8217;organizzazione degli amici prealpini. Anche i giovanissimi avranno modo di spezzare la monotonia dei mesi pi\u00f9 freddi con mattinate domenicali pensate proprio per loro: gli atleti dai 6 ai 14 anni si confronteranno con le varie discipline in contesti agonistici suddivisi per fasce di et\u00e0.<\/p>\n<p>Venendo alla ginnastica artistica federale (FGI) le nostre bimbe e ragazze saranno impegnate su pi\u00f9 fronti, alcune in categorie cosiddette &#8220;alte&#8221; e altre in appuntamenti minori. Il 26 gennaio a Firenze andr\u00e0 in scena il Torneo Allieve (gara individuale) e il 9 febbraio a Montevarchi (AR) la Serie B a squadre. La UISP invece partir\u00e0 da Formigine (MO) con la Mini 1^, la 1^ e la 2^ categoria il 2 febbraio prossimo e da Cattolica (le due fasi regionali di marzo e aprile) con le categorie dalla 3^ alla 6^.<\/p>\n<p>I podisti terranno alto il ritmo fino a primavera con diverse prove su strada a tutti i livelli. I calendari locali (Mare Verde Monte e Correre per Correre) prevedono gare in tutta la provincia e nelle Marche pi\u00f9 vicine a noi a partire dal 16 febbraio. Importante \u00e8 la tappa di Misano (23 febbraio) all&#8217;interno dell&#8217;autodromo dedicato a Marco Simoncelli, prova che vedr\u00e0 tutti i nostri portacolori al via. Alcuni biancazzurri non si faranno impaurire dalle basse temperature e inganneranno la noia su percorsi &#8220;trail&#8221;, uscite notturne, domeniche immersi nella natura.<\/p>\n<p>Gli appuntamenti in &#8220;casa nostra&#8221; avranno un risvolto pi\u00f9 che altro sociale e conviviale. Lezioni aperte ai genitori, incontri sportivi con societ\u00e0 sportive limitrofe e la festa di Carnevale vedr\u00e0 impegnato chiunque voglia mettersi un p\u00f2 in &#8220;gioco&#8221; con noi.<\/p>\n","protected":false},"excerpt":{"rendered":"<p>Pubblicati i calendari invernali dell&#8217;atletica leggera in &#8220;sala&#8221;. Protagoniste ancora le Marche che ospiteranno l&#8217;atletica nazionale che conta: Ancona\u00a0vedr\u00e0 l&#8217;anello di 200 metri affollato per quasi tre mesi tra meeting e appuntamenti istituzionali (Campionati Federali di ciascuna categoria) e Fermo\u00a0proporr\u00e0 due manifestazioni agonistiche sul rettilineo coperto, una dedicata alla velocit\u00e0 sui 60 metri e una [&hellip;]<\/p>\n","protected":false},"author":2,"featured_media":0,"comment_status":"closed","ping_status":"open","sticky":false,"template":"","format":"standard","meta":{"_et_pb_use_builder":"","_et_pb_old_content":"","_et_gb_content_width":"","footnotes":""},"categories":[10,13,14],"tags":[],"_links":{"self":[{"href":"https:\/\/www.atletica75.it\/wp2\/wp-json\/wp\/v2\/posts\/2754"}],"collection":[{"href":"https:\/\/www.atletica75.it\/wp2\/wp-json\/wp\/v2\/posts"}],"about":[{"href":"https:\/\/www.atletica75.it\/wp2\/wp-json\/wp\/v2\/types\/post"}],"author":[{"embeddable":true,"href":"https:\/\/www.atletica75.it\/wp2\/wp-json\/wp\/v2\/users\/2"}],"replies":[{"embeddable":true,"href":"https:\/\/www.atletica75.it\/wp2\/wp-json\/wp\/v2\/comments?post=2754"}],"version-history":[{"count":0,"href":"https:\/\/www.atletica75.it\/wp2\/wp-json\/wp\/v2\/posts\/2754\/revisions"}],"wp:attachment":[{"href":"https:\/\/www.atletica75.it\/wp2\/wp-json\/wp\/v2\/media?parent=2754"}],"wp:term":[{"taxonomy":"category","embeddable":true,"href":"https:\/\/www.atletica75.it\/wp2\/wp-json\/wp\/v2\/categories?post=2754"},{"taxonomy":"post_tag","embeddable":true,"href":"https:\/\/www.atletica75.it\/wp2\/wp-json\/wp\/v2\/tags?post=2754"}],"curies":[{"name":"wp","href":"https:\/\/api.w.org\/{rel}","templated":true}]}}