{"id":2765,"date":"2014-01-02T11:26:13","date_gmt":"2014-01-02T11:26:13","guid":{"rendered":"http:\/\/www.atletica75.it\/?p=2765"},"modified":"2014-01-02T11:26:13","modified_gmt":"2014-01-02T11:26:13","slug":"convegni-seminari-e-corsi-di-formazione","status":"publish","type":"post","link":"https:\/\/www.atletica75.it\/wp2\/2014\/01\/02\/convegni-seminari-e-corsi-di-formazione\/","title":{"rendered":"Convegni, seminari e corsi di formazione"},"content":{"rendered":"<p><a href=\"https:\/\/www.atletica75.it\/wp2\/wp-content\/uploads\/2014\/01\/cervello-logo.jpg\"><img decoding=\"async\" loading=\"lazy\" class=\"alignleft size-medium wp-image-2771\" title=\"cervello logo\" src=\"https:\/\/www.atletica75.it\/wp2\/wp-content\/uploads\/2014\/01\/cervello-logo-300x220.jpg\" alt=\"\" width=\"300\" height=\"220\" \/><\/a>Attenzione rivolta non solo all&#8217;attivit\u00e0 di campo ma anche alla formazione continua, aspetto vitale per educatori, istruttori e tecnici. La teoria e la didattica sono materie da cui \u00e8 difficile discostarsi per chi opera nel nostro settore. Occorre aggiornarsi regolarmente per ampliare le proprie conoscenze e per rielaborare quelle pregresse che ogni tanto hanno bisogno di un &#8220;sano&#8221; filtraggio&#8221;. La pedagogia, la fisiologia, la tecnica sono solo alcuni dei contenitori concettuali pi\u00f9 importanti senza dimenticare la psicologia applicata.<\/p>\n<p>Negli ultimi giorni del 2013 si \u00e8 svolto a <!--more-->Cattolica presso la nostra sede una delle lezioni del corso di formazione per giudici di ginnastica artistica che ha visto, tra le altre, due nostre ragazze. La UISP ha deciso quindi di fare tappa in romagna non solo per l&#8217;attivit\u00e0 agonistica ma anche per la crescita dei futuri quadri tecnici. Grande onore per la societ\u00e0 e gesto di considerazione per tutti i nostri sforzi che ormai da anni vanno in questa direzione.<\/p>\n<p>Tra il 12 e il 26 gennaio a Bologna, la Federginnastica Emilia Romagna proporr\u00e0 i primi 3 moduli didattici per i futuri insegnanti. La FIDAL regionale, per contro, avvier\u00e0 il corso istruttori 1^ livello che culminer\u00e0 agli inizi di aprile.<\/p>\n<p>A livello nazionale l&#8217;11 di gennaio a Villa Lagarina (TN) si terr\u00e0 un convegno tecnico sul mezzofondo in occasione del Campaccio, storico evento di corsa campestre dalle connotazioni internazionali. Momento imperdibile per gli addetti ai lavori.<\/p>\n<p><a href=\"https:\/\/www.atletica75.it\/wp2\/wp-content\/uploads\/2014\/01\/Lagarina_Cross14_convegno.pdf\">Lagarina_Cross14_convegno<\/a><\/p>\n","protected":false},"excerpt":{"rendered":"<p>Attenzione rivolta non solo all&#8217;attivit\u00e0 di campo ma anche alla formazione continua, aspetto vitale per educatori, istruttori e tecnici. La teoria e la didattica sono materie da cui \u00e8 difficile discostarsi per chi opera nel nostro settore. Occorre aggiornarsi regolarmente per ampliare le proprie conoscenze e per rielaborare quelle pregresse che ogni tanto hanno bisogno [&hellip;]<\/p>\n","protected":false},"author":2,"featured_media":0,"comment_status":"closed","ping_status":"open","sticky":false,"template":"","format":"standard","meta":{"_et_pb_use_builder":"","_et_pb_old_content":"","_et_gb_content_width":"","footnotes":""},"categories":[1],"tags":[],"_links":{"self":[{"href":"https:\/\/www.atletica75.it\/wp2\/wp-json\/wp\/v2\/posts\/2765"}],"collection":[{"href":"https:\/\/www.atletica75.it\/wp2\/wp-json\/wp\/v2\/posts"}],"about":[{"href":"https:\/\/www.atletica75.it\/wp2\/wp-json\/wp\/v2\/types\/post"}],"author":[{"embeddable":true,"href":"https:\/\/www.atletica75.it\/wp2\/wp-json\/wp\/v2\/users\/2"}],"replies":[{"embeddable":true,"href":"https:\/\/www.atletica75.it\/wp2\/wp-json\/wp\/v2\/comments?post=2765"}],"version-history":[{"count":0,"href":"https:\/\/www.atletica75.it\/wp2\/wp-json\/wp\/v2\/posts\/2765\/revisions"}],"wp:attachment":[{"href":"https:\/\/www.atletica75.it\/wp2\/wp-json\/wp\/v2\/media?parent=2765"}],"wp:term":[{"taxonomy":"category","embeddable":true,"href":"https:\/\/www.atletica75.it\/wp2\/wp-json\/wp\/v2\/categories?post=2765"},{"taxonomy":"post_tag","embeddable":true,"href":"https:\/\/www.atletica75.it\/wp2\/wp-json\/wp\/v2\/tags?post=2765"}],"curies":[{"name":"wp","href":"https:\/\/api.w.org\/{rel}","templated":true}]}}