{"id":2783,"date":"2014-01-30T13:10:54","date_gmt":"2014-01-30T13:10:54","guid":{"rendered":"http:\/\/www.atletica75.it\/?p=2783"},"modified":"2014-01-30T13:10:54","modified_gmt":"2014-01-30T13:10:54","slug":"ginnastica-in-toscana-e-atletica-nelle-marche","status":"publish","type":"post","link":"https:\/\/www.atletica75.it\/wp2\/2014\/01\/30\/ginnastica-in-toscana-e-atletica-nelle-marche\/","title":{"rendered":"Ginnastica in Toscana e Atletica nelle Marche"},"content":{"rendered":"<p>[singlepic id=786 w=320 h=240 float=left]Firenze, domenica 26 gennaio. Gara FGI interregionale. Un nutrito gruppo di ginnaste (ben 7) ha partecipato ad una competizione importante e di livello superiore rispetto alle prove regionali. Giorgia, Lucia, Penelope, Lucrezia, Elisa, Noemi e Vanessa hanno dimostrato temperamento in tutti gli attrezzi, alcuni riusciti meglio di altri ma l&#8217;impegno \u00e8 stato comunque massimale. I punteggi sono stati discreti, il risultato di squadra secondo le attese ma quel che importa \u00e8 che ci abbiano messo l&#8217;anima cosi come le ha animate la loro guida, Milena, sempre pronta per dare conforto oppure spronare a suon di grida&#8230;come si dice un p\u00f2 di bastone e un p\u00f2 di carota. <!--more-->La trasferta ha rinsaldato la passione e ha sostenuto alcune di loro pi\u00f9 titubanti con vicende che solo &#8220;fuori&#8221; accadono. Aneddoti che ricorderanno quando saranno delle giovani adolescenti.<\/p>\n<p>Nelle stesse ore i corridori e i lanciatori cattolichini erano impegnati ad Ancona, capitale invernale dell&#8217;atletica italiana. Altra disciplina ma la &#8220;musica&#8221; non era diversa. Riscaldamento attento, concentrato, parole di conforto e &#8220;five&#8221; come si usa su piste e pedane, anche tra avversari, soprattutto tra avversari. Chi corre nella corsia accanto alla tua \u00e8 uno sfidante ma anche un amico perch\u00e9 ti pu\u00f2 trascinare ad un ritmo di corsa che in solitaria non riusciresti a sentire. Cos\u00ec \u00e8 stato per Alessandro che ha &#8220;tirato&#8221; fino alla fine nel doppio giro di pista complice la lotta spalla a spalla con un quattrocentista marchigiano; Alex ha vinto la sua serie sempre dei 400 con un ritmo pi\u00f9 sostenuto del normale e l&#8217;ha spuntata grazie al fiato sul collo di un avversario. Benjamin ha scagliato il suo peso da 5 kg incoraggiato da altri lanciatori conosciuti appena una settimana prima!<\/p>\n<p>Nella mattinata di domenica, inoltre, i giovani dagli 11 ai 14 anni hanno letteralmente riempito il Palaindoor sempre in Ancona per una festa\/gara di atletica dai contenuti &#8220;esplosivi&#8221;. Marche, Romagna, Umbria, Abruzzo queste le regioni rappresentate dalle societ\u00e0 sportive presenti. I nostri portacolori hanno difeso la maglia e portato a casa risultati decisivi. Il loro capitano Elena &#8220;Cerri&#8221; li ha organizzati nel modo giusto, autonomi e responsabili. Meglio di cos\u00ec non si pu\u00f2 chiedere.<\/p>\n<p>La cronaca di un weekend agonistico \u00e8 anche questo, soprattutto questo. Attendiamo con entusiasmo altre prestazione del genere nelle settimane a seguire.<\/p>\n","protected":false},"excerpt":{"rendered":"<p>[singlepic id=786 w=320 h=240 float=left]Firenze, domenica 26 gennaio. Gara FGI interregionale. Un nutrito gruppo di ginnaste (ben 7) ha partecipato ad una competizione importante e di livello superiore rispetto alle prove regionali. Giorgia, Lucia, Penelope, Lucrezia, Elisa, Noemi e Vanessa hanno dimostrato temperamento in tutti gli attrezzi, alcuni riusciti meglio di altri ma l&#8217;impegno \u00e8 [&hellip;]<\/p>\n","protected":false},"author":2,"featured_media":0,"comment_status":"closed","ping_status":"open","sticky":false,"template":"","format":"standard","meta":{"_et_pb_use_builder":"","_et_pb_old_content":"","_et_gb_content_width":"","footnotes":""},"categories":[10,13],"tags":[],"_links":{"self":[{"href":"https:\/\/www.atletica75.it\/wp2\/wp-json\/wp\/v2\/posts\/2783"}],"collection":[{"href":"https:\/\/www.atletica75.it\/wp2\/wp-json\/wp\/v2\/posts"}],"about":[{"href":"https:\/\/www.atletica75.it\/wp2\/wp-json\/wp\/v2\/types\/post"}],"author":[{"embeddable":true,"href":"https:\/\/www.atletica75.it\/wp2\/wp-json\/wp\/v2\/users\/2"}],"replies":[{"embeddable":true,"href":"https:\/\/www.atletica75.it\/wp2\/wp-json\/wp\/v2\/comments?post=2783"}],"version-history":[{"count":0,"href":"https:\/\/www.atletica75.it\/wp2\/wp-json\/wp\/v2\/posts\/2783\/revisions"}],"wp:attachment":[{"href":"https:\/\/www.atletica75.it\/wp2\/wp-json\/wp\/v2\/media?parent=2783"}],"wp:term":[{"taxonomy":"category","embeddable":true,"href":"https:\/\/www.atletica75.it\/wp2\/wp-json\/wp\/v2\/categories?post=2783"},{"taxonomy":"post_tag","embeddable":true,"href":"https:\/\/www.atletica75.it\/wp2\/wp-json\/wp\/v2\/tags?post=2783"}],"curies":[{"name":"wp","href":"https:\/\/api.w.org\/{rel}","templated":true}]}}