{"id":2799,"date":"2014-03-03T12:51:48","date_gmt":"2014-03-03T12:51:48","guid":{"rendered":"http:\/\/www.atletica75.it\/?p=2799"},"modified":"2014-03-03T12:51:48","modified_gmt":"2014-03-03T12:51:48","slug":"serie-b1-a-cesena-fase-regionale","status":"publish","type":"post","link":"https:\/\/www.atletica75.it\/wp2\/2014\/03\/03\/serie-b1-a-cesena-fase-regionale\/","title":{"rendered":"Serie B1 a Cesena &#8211; Fase regionale"},"content":{"rendered":"<p>[singlepic id=925 w=320 h=240 float=left]Tre atlete biancazzurre al nastro di partenza dell&#8217;ultima fase di qualificazione regionale della tecnicissima Serie B1. Giorgia, Jessica e Martina sono scese in campo gara forti della bella settimana di lavoro di rifinitura. Tutto sembrava girare a loro favore ed invece la tensione ha un poco affievolito le speranze della vigilia. Da mettere in conto a livelli pi\u00f9 alti. Un pizzico di rammarico per le troppe imperfezioni delle nostre ginnaste che la giuria ha purtroppo dovuto penalizzare. Giorgia ha eseguito il nuovo esercizio alle parallele <!--more-->con qualche caduta di troppo, Martina \u00e8 stata regolare nel suo programma e Jessica \u00e8 andata in tilt in tre attrezzi su quattro, il solo volteggio ha mostrato tutte le sue potenzialit\u00e0. Il risultato complessivo \u00e8 stato comunque all&#8217;altezza della competizione, le nostre ragazze non hanno sfigurato affatto, anzi: terzo posto di squadra in regione e il matematico passaggio ai Campionati Italiani del 3\/4 maggio a Vicenza. Un bel bottino davvero.<\/p>\n<p>Giornata di riposo meritatissima poi si ricomincer\u00e0 con la pulizia degli elementi e il lavoro sugli esercizi. Soprattutto si dovr\u00e0 puntare sulla gestione caratteriale dell&#8217;impegno agonistico. Impresa ardua, la pi\u00f9 difficile per certi versi che a volte si tralascia. L&#8217; equilibrio tra le proprie qualit\u00e0 e i propri limiti \u00e8 la vera sfida, quella sfida che si deve vincere con se stessi e che, in seguito, pu\u00f2 far raggiungere anche risultati insperati. Un paradosso forse ma \u00e8 davvero cos\u00ec: alcuni dicono &#8220;testa e corpo&#8221;. Forza ragazze, metteteci ancora impegno e noi faremo il resto.<\/p>\n","protected":false},"excerpt":{"rendered":"<p>[singlepic id=925 w=320 h=240 float=left]Tre atlete biancazzurre al nastro di partenza dell&#8217;ultima fase di qualificazione regionale della tecnicissima Serie B1. Giorgia, Jessica e Martina sono scese in campo gara forti della bella settimana di lavoro di rifinitura. Tutto sembrava girare a loro favore ed invece la tensione ha un poco affievolito le speranze della vigilia. [&hellip;]<\/p>\n","protected":false},"author":2,"featured_media":0,"comment_status":"closed","ping_status":"open","sticky":false,"template":"","format":"standard","meta":{"_et_pb_use_builder":"","_et_pb_old_content":"","_et_gb_content_width":"","footnotes":""},"categories":[13],"tags":[],"_links":{"self":[{"href":"https:\/\/www.atletica75.it\/wp2\/wp-json\/wp\/v2\/posts\/2799"}],"collection":[{"href":"https:\/\/www.atletica75.it\/wp2\/wp-json\/wp\/v2\/posts"}],"about":[{"href":"https:\/\/www.atletica75.it\/wp2\/wp-json\/wp\/v2\/types\/post"}],"author":[{"embeddable":true,"href":"https:\/\/www.atletica75.it\/wp2\/wp-json\/wp\/v2\/users\/2"}],"replies":[{"embeddable":true,"href":"https:\/\/www.atletica75.it\/wp2\/wp-json\/wp\/v2\/comments?post=2799"}],"version-history":[{"count":0,"href":"https:\/\/www.atletica75.it\/wp2\/wp-json\/wp\/v2\/posts\/2799\/revisions"}],"wp:attachment":[{"href":"https:\/\/www.atletica75.it\/wp2\/wp-json\/wp\/v2\/media?parent=2799"}],"wp:term":[{"taxonomy":"category","embeddable":true,"href":"https:\/\/www.atletica75.it\/wp2\/wp-json\/wp\/v2\/categories?post=2799"},{"taxonomy":"post_tag","embeddable":true,"href":"https:\/\/www.atletica75.it\/wp2\/wp-json\/wp\/v2\/tags?post=2799"}],"curies":[{"name":"wp","href":"https:\/\/api.w.org\/{rel}","templated":true}]}}