{"id":2812,"date":"2014-03-26T07:54:26","date_gmt":"2014-03-26T07:54:26","guid":{"rendered":"http:\/\/www.atletica75.it\/?p=2812"},"modified":"2014-03-26T07:54:26","modified_gmt":"2014-03-26T07:54:26","slug":"trofeo-emilia-romagna-1prova","status":"publish","type":"post","link":"https:\/\/www.atletica75.it\/wp2\/2014\/03\/26\/trofeo-emilia-romagna-1prova\/","title":{"rendered":"Trofeo Emilia Romagna 1^prova"},"content":{"rendered":"<p><a href=\"https:\/\/www.atletica75.it\/wp2\/wp-content\/uploads\/2010\/11\/logo70.jpg\"><img decoding=\"async\" loading=\"lazy\" class=\"alignleft size-full wp-image-622\" title=\"logo70\" src=\"https:\/\/www.atletica75.it\/wp2\/wp-content\/uploads\/2010\/11\/logo70.jpg\" alt=\"\" width=\"124\" height=\"124\" \/><\/a>Con un p\u00f2 di ritardo ecco la cronaca delle ultime uscite delle nostre ginnaste. Due domeniche fa a Campogalliano (MO) l&#8217;entusiasmo era alle stelle. Perch\u00e9? Quando nuove piccole ginnaste indossano il &#8220;primo&#8221; body da gara con i nostri colori e scendono in pedana con le gambe tremanti dalla paura, qualche fisiologica ma emozionante tensione si avverte anche tra i genitori in tribuna e negli occhi della loro guida. E&#8217; giusto che sia cos\u00ec. Deve essere cos\u00ec. Perch\u00e9 \u00e8 segno del desiderio di partecipare e dimostrare le proprie qualit\u00e0.<\/p>\n<p>Margherita Facondini ha fatto decisamente bene a tutti gli attrezzi senza cadute alla trave; Chiara Leardini, Vittoria<!--more--> Magnani e Giulia Capellacci hanno retto abbastanza bene soprattutto con dei bei corpi liberi, senza dubbio grazie alla musica del &#8220;Torero Camomillo&#8221;!<br \/>\nNel pomeriggio Catia Palmieri, Francesca Ceccolini e Alessia Bontempi hanno dimostrato tanta grinta fintanto che hanno conquistato rispettivamente la prima piazza al corpo libero, il secondo posto alla trave e sempre il secondo gradino alle parallele.<\/p>\n<p>La loro insegnante, Federica, ha vissuto una splendida domenica, emozionante, gratificante&#8230;merito anche suo se le bimbe hanno ben figurato. Come si dice &#8220;gli atleti sono lo specchio di chi li guida&#8221;.<\/p>\n","protected":false},"excerpt":{"rendered":"<p>Con un p\u00f2 di ritardo ecco la cronaca delle ultime uscite delle nostre ginnaste. Due domeniche fa a Campogalliano (MO) l&#8217;entusiasmo era alle stelle. Perch\u00e9? Quando nuove piccole ginnaste indossano il &#8220;primo&#8221; body da gara con i nostri colori e scendono in pedana con le gambe tremanti dalla paura, qualche fisiologica ma emozionante tensione si [&hellip;]<\/p>\n","protected":false},"author":2,"featured_media":0,"comment_status":"closed","ping_status":"open","sticky":false,"template":"","format":"standard","meta":{"_et_pb_use_builder":"","_et_pb_old_content":"","_et_gb_content_width":"","footnotes":""},"categories":[13],"tags":[],"_links":{"self":[{"href":"https:\/\/www.atletica75.it\/wp2\/wp-json\/wp\/v2\/posts\/2812"}],"collection":[{"href":"https:\/\/www.atletica75.it\/wp2\/wp-json\/wp\/v2\/posts"}],"about":[{"href":"https:\/\/www.atletica75.it\/wp2\/wp-json\/wp\/v2\/types\/post"}],"author":[{"embeddable":true,"href":"https:\/\/www.atletica75.it\/wp2\/wp-json\/wp\/v2\/users\/2"}],"replies":[{"embeddable":true,"href":"https:\/\/www.atletica75.it\/wp2\/wp-json\/wp\/v2\/comments?post=2812"}],"version-history":[{"count":0,"href":"https:\/\/www.atletica75.it\/wp2\/wp-json\/wp\/v2\/posts\/2812\/revisions"}],"wp:attachment":[{"href":"https:\/\/www.atletica75.it\/wp2\/wp-json\/wp\/v2\/media?parent=2812"}],"wp:term":[{"taxonomy":"category","embeddable":true,"href":"https:\/\/www.atletica75.it\/wp2\/wp-json\/wp\/v2\/categories?post=2812"},{"taxonomy":"post_tag","embeddable":true,"href":"https:\/\/www.atletica75.it\/wp2\/wp-json\/wp\/v2\/tags?post=2812"}],"curies":[{"name":"wp","href":"https:\/\/api.w.org\/{rel}","templated":true}]}}