{"id":3073,"date":"2014-05-15T07:01:57","date_gmt":"2014-05-15T07:01:57","guid":{"rendered":"http:\/\/www.atletica75.it\/?p=3073"},"modified":"2014-05-15T07:01:57","modified_gmt":"2014-05-15T07:01:57","slug":"gradara-per-la-solidarieta","status":"publish","type":"post","link":"https:\/\/www.atletica75.it\/wp2\/2014\/05\/15\/gradara-per-la-solidarieta\/","title":{"rendered":"Gradara per la solidariet\u00e0"},"content":{"rendered":"<p><a href=\"https:\/\/www.atletica75.it\/wp2\/wp-content\/uploads\/2014\/05\/mani-in-cerchio.jpg\"><img decoding=\"async\" loading=\"lazy\" class=\"alignleft size-full wp-image-3075\" alt=\"mani in cerchio\" src=\"https:\/\/www.atletica75.it\/wp2\/wp-content\/uploads\/2014\/05\/mani-in-cerchio.jpg\" width=\"217\" height=\"232\" \/><\/a>Sabato 31 maggio 2014 di nuovo protagonista la solidariet\u00e0 nell&#8217;affascinante e noto gioiello culturale quale \u00e8 la citt\u00e0 di Gradara. Quindi non solo rievocazioni storiche e visite guidate nel castello di una delle coppie di innamorati pi\u00f9 celebri, Paolo e Francesca, ma anche sostegno sociale. Alessandro Guidi, il bimbo sfortunato con un cuore grandissimo, sar\u00e0 la star dell&#8217;evento sportivo di fine primavera, appuntamento &#8220;fisico&#8221; che vedr\u00e0 atletica, mountain bike e nordic walking unite in una la raccolta fondi per le cure del piccolo cittadino di Gradara. Compaesani, volontari, amici, parenti e semplici benefattori si <!--more-->ritroveranno alle ore 18.30 in tenuta tecnica per affrontare la disciplina prescelta.<\/p>\n<p>L&#8217;Atletica 75 non poteva mancare in una occasione del genere, forte della precedente e riuscitissima edizione di questa corsa alla solidariet\u00e0. Parecchi entusiasti amici della nostra sezione podismo si occuperanno del percorso di 10 km, mozzafiato in alcuni scorci. La serata proseguir\u00e0 con cena e musica dal vivo, momento per recuperare losforzo e rivolgere l&#8217;attenzione a chi, di sforzi sovrumani ne fa tutti i giorni per combattere una dura e ingiusta malattia.<\/p>\n<p>Facciamo nostro lo slogan della serata e ci avviciniamo come\u00a0<strong>Atletica 75<\/strong> a <strong>&#8220;Gradara che ha un cuore grande e insieme vALE di pi\u00f9&#8221;.<\/strong><\/p>\n<p><a href=\"https:\/\/www.atletica75.it\/wp2\/wp-content\/uploads\/2014\/05\/Locandina-Gradara-ha-un-Cuore-Grande.pdf\">Locandina Gradara ha un Cuore Grande<\/a><\/p>\n","protected":false},"excerpt":{"rendered":"<p>Sabato 31 maggio 2014 di nuovo protagonista la solidariet\u00e0 nell&#8217;affascinante e noto gioiello culturale quale \u00e8 la citt\u00e0 di Gradara. Quindi non solo rievocazioni storiche e visite guidate nel castello di una delle coppie di innamorati pi\u00f9 celebri, Paolo e Francesca, ma anche sostegno sociale. Alessandro Guidi, il bimbo sfortunato con un cuore grandissimo, sar\u00e0 [&hellip;]<\/p>\n","protected":false},"author":2,"featured_media":0,"comment_status":"closed","ping_status":"open","sticky":false,"template":"","format":"standard","meta":{"_et_pb_use_builder":"","_et_pb_old_content":"","_et_gb_content_width":"","footnotes":""},"categories":[21,14],"tags":[],"_links":{"self":[{"href":"https:\/\/www.atletica75.it\/wp2\/wp-json\/wp\/v2\/posts\/3073"}],"collection":[{"href":"https:\/\/www.atletica75.it\/wp2\/wp-json\/wp\/v2\/posts"}],"about":[{"href":"https:\/\/www.atletica75.it\/wp2\/wp-json\/wp\/v2\/types\/post"}],"author":[{"embeddable":true,"href":"https:\/\/www.atletica75.it\/wp2\/wp-json\/wp\/v2\/users\/2"}],"replies":[{"embeddable":true,"href":"https:\/\/www.atletica75.it\/wp2\/wp-json\/wp\/v2\/comments?post=3073"}],"version-history":[{"count":0,"href":"https:\/\/www.atletica75.it\/wp2\/wp-json\/wp\/v2\/posts\/3073\/revisions"}],"wp:attachment":[{"href":"https:\/\/www.atletica75.it\/wp2\/wp-json\/wp\/v2\/media?parent=3073"}],"wp:term":[{"taxonomy":"category","embeddable":true,"href":"https:\/\/www.atletica75.it\/wp2\/wp-json\/wp\/v2\/categories?post=3073"},{"taxonomy":"post_tag","embeddable":true,"href":"https:\/\/www.atletica75.it\/wp2\/wp-json\/wp\/v2\/tags?post=3073"}],"curies":[{"name":"wp","href":"https:\/\/api.w.org\/{rel}","templated":true}]}}