{"id":3095,"date":"2014-06-12T12:13:53","date_gmt":"2014-06-12T12:13:53","guid":{"rendered":"http:\/\/www.atletica75.it\/?p=3095"},"modified":"2014-06-12T12:13:53","modified_gmt":"2014-06-12T12:13:53","slug":"campionati-nazionali-uisp-2014","status":"publish","type":"post","link":"https:\/\/www.atletica75.it\/wp2\/2014\/06\/12\/campionati-nazionali-uisp-2014\/","title":{"rendered":"Campionati Nazionali UISP 2014"},"content":{"rendered":"<p>[singlepic id=937 w= h= float=left]Seveso. Milano. Si \u00e8 conclusa da pochi giorni la rassegna pi\u00f9 importante della UISP che riguarda la sezione ginnastica artistica (e non solo), i Nazionali. Tra le tantissime bambine e ragazze di questa edizione spiccava il body bianco e azzurro delle ginnaste dell&#8217;adriatico, quello delle nostre &#8220;regine&#8221; di Cattolica! Agguerrite come \u00e8 nel loro DNA si sono presentate tutte al meglio della forma attuale. Coreografie rifinite, diagonali acrobatiche provate e riprovate, volteggi calibrati a dovere, passaggi alle parallele messi a punto.<!--more--><\/p>\n<p><strong><span style=\"text-decoration: underline;\">1^ fine settimana &#8211; 28\/05 &#8211; 01\/06<\/span><\/strong><\/p>\n<p>Il trio delle meraviglie, Virginia, Alice Santi e Giulia Massimi, porta a termine il proprio impegno secondo pronostico. Sorriso sempre stampato sulle labbra, atteggiamento impavido, due elementi che fanno la differenza in queste occasioni. Parallele ostiche, qualche imprecisione alla trave ma nel complesso una discreta soddisfazione, soprattutto per la loro insegnante Federica, alla sua ultima trasferta agonistica e prossima ad una scelta di vita che le auguriamo sia la pi\u00f9 felice possibile. Non si liberer\u00e0 facilmente di noi, il rapporto che ci ha legato per tanto tempo continuer\u00e0 a rinsaldarsi sotto altre forme.<\/p>\n<p><strong><span style=\"text-decoration: underline;\">2^ fine settimana &#8211; 04\/06 &#8211; 07\/06<\/span><\/strong><\/p>\n<p>Si inizia il gioved\u00ec con la <span style=\"text-decoration: underline;\">3^ categoria Junior,<\/span> gruppo in cui le nostre Vanessa, Giorgia, Noemi, Lucia, Elisa e Lucrezia portano a termine una buonissima gara specie al volteggio e al corpo libero mentre alla trave qualche errore di troppo compromette il punteggio parziale. Nella <span style=\"text-decoration: underline;\">3^ categoria Senior<\/span> le cinque cattolichine (Sara, Tanya, Nicol Tamagnini, Eleonora e Martina Gencarelli) conducono prove regolari e abbastanza &#8220;pulite&#8221; per finire nella parte alta della classifica. In tarda serata entrano in campo gara le <span style=\"text-decoration: underline;\">Over.<\/span> La prima esperienza nazionale regala subito gloria: piazza d&#8217;onore alla trave per Erica e per Alice Linari al corpo libero, terzo gradino del podio per Sofia Antonelli al volteggio e quarto posto a pari merito sempre al corpo libero per Giulia Gabellini, Sofia Tenti e Erica. Manuela si conferma sui livelli dei Regionali di aprile mentre Janel e Gaia si comportano bene nonostante un p\u00f2 di tensione dell&#8217;esordio.<\/p>\n<p>Il giorno successivo, venerd\u00ec 6 giugno, sveglia presto per Valeria, Chiara, Laura e Elisa Damiani. Le nostre concorrenti di <span style=\"text-decoration: underline;\">4^ categoria Senior<\/span> tengono testa alle avversarie con esercizi eseguiti al meglio e sbaragliano addirittura il campo con la vittoria al volteggio di Chiara, la prima campionessa nazionale 2014 targata Atletica 75. Nel pomeriggio altri titoli dalle serie superiori. In <span style=\"text-decoration: underline;\">6^ categoria C Junior<\/span> Giorgia si impone alle parallele mentre la sorella Jessica si mette al collo la medaglia pi\u00f9 preziosa in <span style=\"text-decoration: underline;\">6^ categoria B.<\/span> Davvero un bel bottino in casa Dini. Chiude il gruppo Martina che in <span style=\"text-decoration: underline;\">6^ categoria C Senior<\/span> si conquista con i denti un meritato un bronzo al volteggio.<\/p>\n<p>Da ultima (ma non per importanza!) Nicol Floridi combatte al corpo libero e alla trave in <span style=\"text-decoration: underline;\">5^<\/span> <span style=\"text-decoration: underline;\">categoria Specialit\u00e0<\/span> (ossia due attrezzi su quattro disponibili &#8211; ndr) sostenuta da Alice Denti e Giulia Piccari, ferme in tribuna per motivi diversi (un infortunio la prima e in dolce attesa la seconda!).<\/p>\n<p>Che dire all&#8217;epilogo di una ennesima esperienza agonistica di livello? Forse non ci sono parole giuste per descrivere le emozioni avvertite ogni volta che si indossa il body delle grandi occasioni, ogni volta che si assiste ad un assordante &#8220;STAI !&#8221;, ad un sorriso, alle lacrime. Gli sguardi degli insegnanti a bordo pedana dicono parecchio; si capisce la loro soddisfazione ad ogni esibizione, si comprendono i loro sforzi quotidiani per mesi e mesi perch\u00e9 ogni ginnasta \u00e8 una campionessa a modo proprio, ha qualcosa di dire, da mostrare, da dimostrarsi. Non esiste prezzo, non tiene nessun luogo comune.<\/p>\n<p>Brave ragazze, questo surclassa qualsiasi trofeo. La societ\u00e0 \u00e8 orgogliosa di voi.<\/p>\n","protected":false},"excerpt":{"rendered":"<p>[singlepic id=937 w= h= float=left]Seveso. Milano. Si \u00e8 conclusa da pochi giorni la rassegna pi\u00f9 importante della UISP che riguarda la sezione ginnastica artistica (e non solo), i Nazionali. Tra le tantissime bambine e ragazze di questa edizione spiccava il body bianco e azzurro delle ginnaste dell&#8217;adriatico, quello delle nostre &#8220;regine&#8221; di Cattolica! Agguerrite come [&hellip;]<\/p>\n","protected":false},"author":2,"featured_media":0,"comment_status":"closed","ping_status":"open","sticky":false,"template":"","format":"standard","meta":{"_et_pb_use_builder":"","_et_pb_old_content":"","_et_gb_content_width":"","footnotes":""},"categories":[13],"tags":[],"_links":{"self":[{"href":"https:\/\/www.atletica75.it\/wp2\/wp-json\/wp\/v2\/posts\/3095"}],"collection":[{"href":"https:\/\/www.atletica75.it\/wp2\/wp-json\/wp\/v2\/posts"}],"about":[{"href":"https:\/\/www.atletica75.it\/wp2\/wp-json\/wp\/v2\/types\/post"}],"author":[{"embeddable":true,"href":"https:\/\/www.atletica75.it\/wp2\/wp-json\/wp\/v2\/users\/2"}],"replies":[{"embeddable":true,"href":"https:\/\/www.atletica75.it\/wp2\/wp-json\/wp\/v2\/comments?post=3095"}],"version-history":[{"count":0,"href":"https:\/\/www.atletica75.it\/wp2\/wp-json\/wp\/v2\/posts\/3095\/revisions"}],"wp:attachment":[{"href":"https:\/\/www.atletica75.it\/wp2\/wp-json\/wp\/v2\/media?parent=3095"}],"wp:term":[{"taxonomy":"category","embeddable":true,"href":"https:\/\/www.atletica75.it\/wp2\/wp-json\/wp\/v2\/categories?post=3095"},{"taxonomy":"post_tag","embeddable":true,"href":"https:\/\/www.atletica75.it\/wp2\/wp-json\/wp\/v2\/tags?post=3095"}],"curies":[{"name":"wp","href":"https:\/\/api.w.org\/{rel}","templated":true}]}}