{"id":3140,"date":"2014-07-15T12:31:29","date_gmt":"2014-07-15T12:31:29","guid":{"rendered":"http:\/\/www.atletica75.it\/?p=3140"},"modified":"2014-07-15T12:31:29","modified_gmt":"2014-07-15T12:31:29","slug":"in-pista-la-carica-per-i-5000","status":"publish","type":"post","link":"https:\/\/www.atletica75.it\/wp2\/2014\/07\/15\/in-pista-la-carica-per-i-5000\/","title":{"rendered":"In pista la carica per i 5000"},"content":{"rendered":"<p>[singlepic id=939 w= h= float=left]Sabato 19 luglio prossimo (ritrovo dalle ore 17) allo Stadio Comunale &#8220;Calbi&#8221; andr\u00e0 in scena per il secondo anno consecutivo la prova sociale dei 5 km in pista. Sull&#8217;anello da 400 metri si sfideranno in due serie di partenza tutti i nostri portacolori che, per una volta, correranno tra le mura domestiche per 12 giri e 1\/2 ! Dopo l&#8217;immane sforzo l&#8217;allegra compagnia si sposter\u00e0 a tavola e battaglier\u00e0 a suon di &#8220;pesce povero&#8221;.Accorrete numerosi per respirare l&#8217;atmosfera del gruppo podismo, magari verr\u00e0 anche a voi la voglia di scendere in pista ! Che la corsa sia con voi. QUI SOTTO LE INFO<\/p>\n<p><a href=\"https:\/\/www.atletica75.it\/wp2\/wp-content\/uploads\/2014\/07\/Locandina-5000-in-pista-2014.pdf\">Locandina 5000 in pista 2014<\/a><\/p>\n","protected":false},"excerpt":{"rendered":"<p>[singlepic id=939 w= h= float=left]Sabato 19 luglio prossimo (ritrovo dalle ore 17) allo Stadio Comunale &#8220;Calbi&#8221; andr\u00e0 in scena per il secondo anno consecutivo la prova sociale dei 5 km in pista. Sull&#8217;anello da 400 metri si sfideranno in due serie di partenza tutti i nostri portacolori che, per una volta, correranno tra le mura [&hellip;]<\/p>\n","protected":false},"author":2,"featured_media":0,"comment_status":"closed","ping_status":"open","sticky":false,"template":"","format":"standard","meta":{"_et_pb_use_builder":"","_et_pb_old_content":"","_et_gb_content_width":"","footnotes":""},"categories":[14],"tags":[],"_links":{"self":[{"href":"https:\/\/www.atletica75.it\/wp2\/wp-json\/wp\/v2\/posts\/3140"}],"collection":[{"href":"https:\/\/www.atletica75.it\/wp2\/wp-json\/wp\/v2\/posts"}],"about":[{"href":"https:\/\/www.atletica75.it\/wp2\/wp-json\/wp\/v2\/types\/post"}],"author":[{"embeddable":true,"href":"https:\/\/www.atletica75.it\/wp2\/wp-json\/wp\/v2\/users\/2"}],"replies":[{"embeddable":true,"href":"https:\/\/www.atletica75.it\/wp2\/wp-json\/wp\/v2\/comments?post=3140"}],"version-history":[{"count":0,"href":"https:\/\/www.atletica75.it\/wp2\/wp-json\/wp\/v2\/posts\/3140\/revisions"}],"wp:attachment":[{"href":"https:\/\/www.atletica75.it\/wp2\/wp-json\/wp\/v2\/media?parent=3140"}],"wp:term":[{"taxonomy":"category","embeddable":true,"href":"https:\/\/www.atletica75.it\/wp2\/wp-json\/wp\/v2\/categories?post=3140"},{"taxonomy":"post_tag","embeddable":true,"href":"https:\/\/www.atletica75.it\/wp2\/wp-json\/wp\/v2\/tags?post=3140"}],"curies":[{"name":"wp","href":"https:\/\/api.w.org\/{rel}","templated":true}]}}