{"id":3181,"date":"2014-09-10T12:23:12","date_gmt":"2014-09-10T12:23:12","guid":{"rendered":"http:\/\/www.atletica75.it\/?p=3181"},"modified":"2014-09-10T12:23:12","modified_gmt":"2014-09-10T12:23:12","slug":"gradara-ha-un-cuore-grande-e-insieme-vale-di-piu","status":"publish","type":"post","link":"https:\/\/www.atletica75.it\/wp2\/2014\/09\/10\/gradara-ha-un-cuore-grande-e-insieme-vale-di-piu\/","title":{"rendered":"&#8220;Gradara ha un cuore grande e insieme vALE di pi\u00f9&#8221;"},"content":{"rendered":"<p><a href=\"https:\/\/www.atletica75.it\/wp2\/wp-content\/uploads\/2014\/09\/Insieme-vALE-2014-02-R.jpg\"><img decoding=\"async\" loading=\"lazy\" class=\"alignleft size-medium wp-image-3191\" src=\"https:\/\/www.atletica75.it\/wp2\/wp-content\/uploads\/2014\/09\/Insieme-vALE-2014-02-R-300x156.jpg\" alt=\"Insieme vALE 2014-02 R\" width=\"300\" height=\"156\" \/><\/a>Atto conclusivo dell&#8217;evento benefico organizzato dalla nostra associazione sportiva per Alessandro, il bimbo di Gradara bisognoso di cure che avr\u00e0 il nostro sostegno ufficiale venerd\u00ec 12 settembre alle ore 19,15 nella sua citt\u00e0 tramite\u00a0la consegna del ricavato della corsa podistica del 31 maggio scorso. Il ritrovo \u00e8 fissato in cima alla scalinata del &#8220;Monte delle Bugie&#8221; ossia tra i chioschi Taverna del Luppolo e Rocca d&#8217;A&#8230;mare che gentilmente offriranno l&#8217;aperitivo. La famiglia e i ragazzi della nostra sezione Podismo saranno lieti di accogliere amici e sostenitori. Grazie di cuore a tutti.<\/p>\n","protected":false},"excerpt":{"rendered":"<p>Atto conclusivo dell&#8217;evento benefico organizzato dalla nostra associazione sportiva per Alessandro, il bimbo di Gradara bisognoso di cure che avr\u00e0 il nostro sostegno ufficiale venerd\u00ec 12 settembre alle ore 19,15 nella sua citt\u00e0 tramite\u00a0la consegna del ricavato della corsa podistica del 31 maggio scorso. Il ritrovo \u00e8 fissato in cima alla scalinata del &#8220;Monte delle [&hellip;]<\/p>\n","protected":false},"author":2,"featured_media":0,"comment_status":"closed","ping_status":"open","sticky":false,"template":"","format":"standard","meta":{"_et_pb_use_builder":"","_et_pb_old_content":"","_et_gb_content_width":"","footnotes":""},"categories":[21,14],"tags":[],"_links":{"self":[{"href":"https:\/\/www.atletica75.it\/wp2\/wp-json\/wp\/v2\/posts\/3181"}],"collection":[{"href":"https:\/\/www.atletica75.it\/wp2\/wp-json\/wp\/v2\/posts"}],"about":[{"href":"https:\/\/www.atletica75.it\/wp2\/wp-json\/wp\/v2\/types\/post"}],"author":[{"embeddable":true,"href":"https:\/\/www.atletica75.it\/wp2\/wp-json\/wp\/v2\/users\/2"}],"replies":[{"embeddable":true,"href":"https:\/\/www.atletica75.it\/wp2\/wp-json\/wp\/v2\/comments?post=3181"}],"version-history":[{"count":0,"href":"https:\/\/www.atletica75.it\/wp2\/wp-json\/wp\/v2\/posts\/3181\/revisions"}],"wp:attachment":[{"href":"https:\/\/www.atletica75.it\/wp2\/wp-json\/wp\/v2\/media?parent=3181"}],"wp:term":[{"taxonomy":"category","embeddable":true,"href":"https:\/\/www.atletica75.it\/wp2\/wp-json\/wp\/v2\/categories?post=3181"},{"taxonomy":"post_tag","embeddable":true,"href":"https:\/\/www.atletica75.it\/wp2\/wp-json\/wp\/v2\/tags?post=3181"}],"curies":[{"name":"wp","href":"https:\/\/api.w.org\/{rel}","templated":true}]}}