{"id":3220,"date":"2014-10-07T12:08:30","date_gmt":"2014-10-07T12:08:30","guid":{"rendered":"http:\/\/www.atletica75.it\/?p=3220"},"modified":"2014-10-07T12:08:30","modified_gmt":"2014-10-07T12:08:30","slug":"corsa-podistica-gabicce-mare-2014","status":"publish","type":"post","link":"https:\/\/www.atletica75.it\/wp2\/2014\/10\/07\/corsa-podistica-gabicce-mare-2014\/","title":{"rendered":"Corsa podistica Gabicce Mare 2014"},"content":{"rendered":"<p><a href=\"https:\/\/www.atletica75.it\/wp2\/wp-content\/uploads\/2014\/09\/disegno-podismo.jpg\"><img decoding=\"async\" loading=\"lazy\" class=\"alignleft size-medium wp-image-3222\" src=\"https:\/\/www.atletica75.it\/wp2\/wp-content\/uploads\/2014\/09\/disegno-podismo-300x294.jpg\" alt=\"disegno podismo\" width=\"300\" height=\"294\" srcset=\"https:\/\/www.atletica75.it\/wp2\/wp-content\/uploads\/2014\/09\/disegno-podismo-300x294.jpg 300w, https:\/\/www.atletica75.it\/wp2\/wp-content\/uploads\/2014\/09\/disegno-podismo.jpg 360w\" sizes=\"(max-width: 300px) 100vw, 300px\" \/><\/a>Un anno \u00e8 passato veloce, tanto veloce quanto incisivo. Infatti la ferrea memoria va alle soddisfazioni del novembre 2013\u00a0con un occhio di riguardo alle novit\u00e0 del 2014. Domenica 9 novembre alle ore 9,30 del mattino lo starter dar\u00e0 il via alla corsa non competitiva di 13 km nonch\u00e9 alla camminata di 6 km per gli appassionati e amici che vogliono iniziare la domenica in movimento. Subito dopo gli adulti anche i pi\u00f9 giovani avranno i riflettori puntati: sono infatti previste le distanze per i piccoli (da 400 fino a 800 metri) e per gli adolescenti (8 km).<!--more--><\/p>\n<p>Novit\u00e0 2014 \u00e8 il percorso interamente sviluppato tra Gabicce Mare, Gabicce Monte e Baia Vallugola, con scorci imperdibili nel parco naturale del Monte San Bartolo. La seconda novit\u00e0 tecnica sono i passaggi trail, prima d&#8217;ora poco praticati.<\/p>\n<p>Vi aspettiamo numerosi per provare il piacere di iniziare la domenica con una corsa o una bella camminata in allegra compagnia.<\/p>\n<p>Scarica il volantino \u00a0\u00a0<a href=\"https:\/\/www.atletica75.it\/wp2\/wp-content\/uploads\/2014\/09\/Locandina-2014.doc\">Locandina 2014<\/a><\/p>\n","protected":false},"excerpt":{"rendered":"<p>Un anno \u00e8 passato veloce, tanto veloce quanto incisivo. Infatti la ferrea memoria va alle soddisfazioni del novembre 2013\u00a0con un occhio di riguardo alle novit\u00e0 del 2014. Domenica 9 novembre alle ore 9,30 del mattino lo starter dar\u00e0 il via alla corsa non competitiva di 13 km nonch\u00e9 alla camminata di 6 km per gli [&hellip;]<\/p>\n","protected":false},"author":2,"featured_media":0,"comment_status":"closed","ping_status":"open","sticky":false,"template":"","format":"standard","meta":{"_et_pb_use_builder":"","_et_pb_old_content":"","_et_gb_content_width":"","footnotes":""},"categories":[14],"tags":[],"_links":{"self":[{"href":"https:\/\/www.atletica75.it\/wp2\/wp-json\/wp\/v2\/posts\/3220"}],"collection":[{"href":"https:\/\/www.atletica75.it\/wp2\/wp-json\/wp\/v2\/posts"}],"about":[{"href":"https:\/\/www.atletica75.it\/wp2\/wp-json\/wp\/v2\/types\/post"}],"author":[{"embeddable":true,"href":"https:\/\/www.atletica75.it\/wp2\/wp-json\/wp\/v2\/users\/2"}],"replies":[{"embeddable":true,"href":"https:\/\/www.atletica75.it\/wp2\/wp-json\/wp\/v2\/comments?post=3220"}],"version-history":[{"count":0,"href":"https:\/\/www.atletica75.it\/wp2\/wp-json\/wp\/v2\/posts\/3220\/revisions"}],"wp:attachment":[{"href":"https:\/\/www.atletica75.it\/wp2\/wp-json\/wp\/v2\/media?parent=3220"}],"wp:term":[{"taxonomy":"category","embeddable":true,"href":"https:\/\/www.atletica75.it\/wp2\/wp-json\/wp\/v2\/categories?post=3220"},{"taxonomy":"post_tag","embeddable":true,"href":"https:\/\/www.atletica75.it\/wp2\/wp-json\/wp\/v2\/tags?post=3220"}],"curies":[{"name":"wp","href":"https:\/\/api.w.org\/{rel}","templated":true}]}}