{"id":3264,"date":"2014-10-13T12:47:32","date_gmt":"2014-10-13T12:47:32","guid":{"rendered":"http:\/\/www.atletica75.it\/?p=3264"},"modified":"2014-10-13T12:47:32","modified_gmt":"2014-10-13T12:47:32","slug":"gara-a-squadre-c2-prima-prova","status":"publish","type":"post","link":"https:\/\/www.atletica75.it\/wp2\/2014\/10\/13\/gara-a-squadre-c2-prima-prova\/","title":{"rendered":"Gara a squadre C2 &#8211; Prima prova"},"content":{"rendered":"<p>[singlepic id=961 w= h= float=left]Domenica sera diversa dal solito per le famiglie della sezione ginnastica artistica della nostra societ\u00e0. Al posto della solita pizza una bella scorpacciata di ginnastica sugli spalti del palazzetto della Polisportiva Celle di Rimini. Men\u00f9 della cena agonistica la prova a squadre della categoria C2. Giorgia\/Noemi la prima portata e Elisa\/Lucia la seconda pietanza.<!--more--><\/p>\n<p>Gio e Noemi hanno condotto una gara regolare, solo qualche arrivo &#8220;non stoppato&#8221; al corpo libero e due cadute alla trave. 19^ piazza finale su 36 squadre. Ottimo risultato davvero come esordio della nuova stagione 2014\/2015. Eli e Luci hanno fatto un p\u00f2 meglio agguantando il 9^ posto finale. Merito del buon corpo libero, di discrete parallele e del deciso volteggio iniziale. Alla trave qualche sbavatura di troppo ha condizionato la classifica finale che avrebbe potuto regalare qualche soddisfazione in pi\u00f9.<\/p>\n<p>Ma nulla \u00e8 perduto, anzi, la seconda opportunit\u00e0 di Montevarchi del 26 ottobre riserver\u00e0 un dessert tutto speciale per le nostre ginnaste, sperando in un &#8220;invito&#8221; ulteriore alla fase successiva.<\/p>\n","protected":false},"excerpt":{"rendered":"<p>[singlepic id=961 w= h= float=left]Domenica sera diversa dal solito per le famiglie della sezione ginnastica artistica della nostra societ\u00e0. Al posto della solita pizza una bella scorpacciata di ginnastica sugli spalti del palazzetto della Polisportiva Celle di Rimini. Men\u00f9 della cena agonistica la prova a squadre della categoria C2. Giorgia\/Noemi la prima portata e Elisa\/Lucia [&hellip;]<\/p>\n","protected":false},"author":2,"featured_media":0,"comment_status":"closed","ping_status":"open","sticky":false,"template":"","format":"standard","meta":{"_et_pb_use_builder":"","_et_pb_old_content":"","_et_gb_content_width":"","footnotes":""},"categories":[13],"tags":[],"_links":{"self":[{"href":"https:\/\/www.atletica75.it\/wp2\/wp-json\/wp\/v2\/posts\/3264"}],"collection":[{"href":"https:\/\/www.atletica75.it\/wp2\/wp-json\/wp\/v2\/posts"}],"about":[{"href":"https:\/\/www.atletica75.it\/wp2\/wp-json\/wp\/v2\/types\/post"}],"author":[{"embeddable":true,"href":"https:\/\/www.atletica75.it\/wp2\/wp-json\/wp\/v2\/users\/2"}],"replies":[{"embeddable":true,"href":"https:\/\/www.atletica75.it\/wp2\/wp-json\/wp\/v2\/comments?post=3264"}],"version-history":[{"count":0,"href":"https:\/\/www.atletica75.it\/wp2\/wp-json\/wp\/v2\/posts\/3264\/revisions"}],"wp:attachment":[{"href":"https:\/\/www.atletica75.it\/wp2\/wp-json\/wp\/v2\/media?parent=3264"}],"wp:term":[{"taxonomy":"category","embeddable":true,"href":"https:\/\/www.atletica75.it\/wp2\/wp-json\/wp\/v2\/categories?post=3264"},{"taxonomy":"post_tag","embeddable":true,"href":"https:\/\/www.atletica75.it\/wp2\/wp-json\/wp\/v2\/tags?post=3264"}],"curies":[{"name":"wp","href":"https:\/\/api.w.org\/{rel}","templated":true}]}}