{"id":3282,"date":"2014-11-03T08:30:35","date_gmt":"2014-11-03T08:30:35","guid":{"rendered":"http:\/\/www.atletica75.it\/?p=3282"},"modified":"2014-11-03T08:30:35","modified_gmt":"2014-11-03T08:30:35","slug":"a-montevarchi-lautunno-della-ginnastica","status":"publish","type":"post","link":"https:\/\/www.atletica75.it\/wp2\/2014\/11\/03\/a-montevarchi-lautunno-della-ginnastica\/","title":{"rendered":"A Montevarchi l&#8217;autunno della ginnastica"},"content":{"rendered":"<p>[singlepic id=964 w= h= float=left]La provincia di Arezzo \u00e8 stata la sede autunnale delle fasi autunnali di qualificazione ai vari campionati a Squadre, di Categoria (ossia il concorso individuale) e di Specialit\u00e0 della Federginnastica femminile. Montevarchi in particolare \u00e8 stata impegnata in ben due fine settimana consecutivi ed ha ospitato sia la serie C2 sia la serie B.<\/p>\n<p>Iniziamo proprio da quest&#8217;ultimo contenitore, gi\u00e0 molto selettivo per ci\u00f2 che riguarda i programmi ossia gli elementi che occorrono per comporre gli esercizi, condizione necessaria per poter partecipare alla prova. <!--more-->Ieri (2 novembre) le gemelle Dini, Giorgia e Jessica sono arrivate un po&#8217; acciaccate all&#8217;appuntamento agonistico ma questo non le ha spaventate di certo, anzi. L&#8217;esperienza ormai acquisita ha permesso loro di giocarsi le proprie carte alla grande. Jessica \u00e8 giunta seconda nel concorso generale (i 4 attrezzi) sfruttando la sua immensa potenza nell&#8217;esecuzione delle evoluzioni al corpo libero e al volteggio in particolare. Giorgia non \u00e8 stata da meno ed anche lei \u00e8 salita sul secondo gradino del podio nella prova di Specialit\u00e0 (2 attrezzi scelti sui 4 disponibli) alle parallele, attrezzo insolito per lei che gradisce molto di pi\u00f9 il corpo libero. Una bella sorpresa davvero. Orgogliosi di questo successo attendiamo ora le finali nazionali che si svolgeranno tra fine novembre e met\u00e0 dicembre. Rubiamo una famosa esortazione motoristica di un commentatore energico che tutti conoscono, non ce ne voglia: &#8220;Tutti in piedi sul divano per le gemelle!&#8221;.<\/p>\n<p>[singlepic id=965 w= h= float=left]Facendo un passo indietro, il 26 ottobre, sempre nella ridente cittadina aretina \u00e8 stata di scena la serie C2 a squadre, prova in cui l&#8217;Atletica 75 aveva ben due compagini. Noemi, Giorgia e Vanessa chiudono una discreta gara al 17^ posto, frutto di qualche indecisione alla trave soprattutto (maledetta!); i margini ci sono eccome ma a questo attrezzo occorre tirare fuori pi\u00f9 grinta in maniera pi\u00f9 impavida. Lucia e Elisa hanno ottenuto invece il 7^ posto finale grazie a una determinazione che non si era vista la volta scorsa. Sicurezza e pulizia degli esercizi hanno fatto scalare loro la classifica in modo impressionante; d&#8217;altronde in ginnastica ogni piccola sbavatura risolta puo&#8217; significare un balzo enorme in avanti. Le finali nazionali, purtroppo, sono sfumate ma non rimane nessun rammarico perch\u00e9 le bimbe ci hanno provato fino in fondo. Per noi una bella vittoria.<\/p>\n","protected":false},"excerpt":{"rendered":"<p>[singlepic id=964 w= h= float=left]La provincia di Arezzo \u00e8 stata la sede autunnale delle fasi autunnali di qualificazione ai vari campionati a Squadre, di Categoria (ossia il concorso individuale) e di Specialit\u00e0 della Federginnastica femminile. Montevarchi in particolare \u00e8 stata impegnata in ben due fine settimana consecutivi ed ha ospitato sia la serie C2 sia [&hellip;]<\/p>\n","protected":false},"author":2,"featured_media":0,"comment_status":"closed","ping_status":"open","sticky":false,"template":"","format":"standard","meta":{"_et_pb_use_builder":"","_et_pb_old_content":"","_et_gb_content_width":"","footnotes":""},"categories":[13],"tags":[],"_links":{"self":[{"href":"https:\/\/www.atletica75.it\/wp2\/wp-json\/wp\/v2\/posts\/3282"}],"collection":[{"href":"https:\/\/www.atletica75.it\/wp2\/wp-json\/wp\/v2\/posts"}],"about":[{"href":"https:\/\/www.atletica75.it\/wp2\/wp-json\/wp\/v2\/types\/post"}],"author":[{"embeddable":true,"href":"https:\/\/www.atletica75.it\/wp2\/wp-json\/wp\/v2\/users\/2"}],"replies":[{"embeddable":true,"href":"https:\/\/www.atletica75.it\/wp2\/wp-json\/wp\/v2\/comments?post=3282"}],"version-history":[{"count":0,"href":"https:\/\/www.atletica75.it\/wp2\/wp-json\/wp\/v2\/posts\/3282\/revisions"}],"wp:attachment":[{"href":"https:\/\/www.atletica75.it\/wp2\/wp-json\/wp\/v2\/media?parent=3282"}],"wp:term":[{"taxonomy":"category","embeddable":true,"href":"https:\/\/www.atletica75.it\/wp2\/wp-json\/wp\/v2\/categories?post=3282"},{"taxonomy":"post_tag","embeddable":true,"href":"https:\/\/www.atletica75.it\/wp2\/wp-json\/wp\/v2\/tags?post=3282"}],"curies":[{"name":"wp","href":"https:\/\/api.w.org\/{rel}","templated":true}]}}