{"id":3378,"date":"2015-01-02T13:18:31","date_gmt":"2015-01-02T13:18:31","guid":{"rendered":"http:\/\/www.atletica75.it\/?p=3378"},"modified":"2015-01-02T13:18:31","modified_gmt":"2015-01-02T13:18:31","slug":"stagione-al-coperto-2015-ci-siamo","status":"publish","type":"post","link":"https:\/\/www.atletica75.it\/wp2\/2015\/01\/02\/stagione-al-coperto-2015-ci-siamo\/","title":{"rendered":"Stagione al coperto 2015&#8230;ci siamo"},"content":{"rendered":"<p><a href=\"https:\/\/www.atletica75.it\/wp2\/wp-content\/uploads\/2015\/01\/padova-indoor.jpg\"><img decoding=\"async\" loading=\"lazy\" class=\"alignleft size-medium wp-image-3381\" src=\"https:\/\/www.atletica75.it\/wp2\/wp-content\/uploads\/2015\/01\/padova-indoor-300x200.jpg\" alt=\"PADOVA 21\/12\/2013 \u00a9BERGAMASCHI MARCO  INAUGURAZIONE PALA INDOOR\" width=\"300\" height=\"200\" \/><\/a>Ci siamo quasi. Il fine settimana del 10\/11 di gennaio apre ufficialmente le competizioni in sala della stagione agonistica 2015. Il men\u00f9 sportivo \u00e8 ricco e succulento: corse, salti, lanci, prove multiple per giovani e adulti fino ad arrivare ai master. Dalle Marche all&#8217;Emilia con incursioni a Padova, questo l&#8217;itinerario impostato dai numerosi sportivi &#8220;atletici&#8221; di tutta la penisola. Infatti tutti gli eventi nazionali avranno luogo nel triangolo del<!--more--> nord\/est allungato, il cui vertice basso \u00e8 la citt\u00e0 di Ancona. Fermento \u00e8 previsto anche nella operosa Lombardia (impianti di Bergamo, Saronno per citarne alcuni), a nord\/ovest con il Piemonte che si unir\u00e0 alla Valle d&#8217;Aosta nel Palazzo dell&#8217;Atletica di Aosta. In Campania verranno garantiti degli incontri in quel di Marano di Napoli.<\/p>\n<p>Insomma tutta l&#8217;Italia scalda i motori per &#8220;svernare&#8221; al coperto e dare un p\u00f2 di colore a questo inverno freddo e umido. Due mesi di gare saranno anche un banco di prova per tanti tecnici e allenatori, una verifica parziale della bont\u00e0 e della sostanza della preparazione autunnale.<\/p>\n<p>La nostra societ\u00e0 vedr\u00e0 impegnati i pi\u00f9 giovani (categoria Ragazzi e Cadetti) in particolare con i Campionati Regionali mentre gli adolescenti pi\u00f9 grandi (categoria Allievi) avranno gi\u00e0 la possibilit\u00e0 di cimentarsi con la rassegna nazionale di Ancona. I Seniores parteciperanno a numerosi meeting che culmineranno con la maggiore competizione indoor della penisola, gli &#8220;Assoluti&#8221;. Speriamo che i nostri ragazzi in odore di &#8220;minimo&#8221; (standard minimo, appunto, richiesto dalla federazione di Roma &#8211; ndr) riescano a centrare questo primo interessante obiettivo. Forza e coraggio.<\/p>\n<p>Dunque in bocca al lupo a tutti !!!<\/p>\n","protected":false},"excerpt":{"rendered":"<p>Ci siamo quasi. Il fine settimana del 10\/11 di gennaio apre ufficialmente le competizioni in sala della stagione agonistica 2015. Il men\u00f9 sportivo \u00e8 ricco e succulento: corse, salti, lanci, prove multiple per giovani e adulti fino ad arrivare ai master. Dalle Marche all&#8217;Emilia con incursioni a Padova, questo l&#8217;itinerario impostato dai numerosi sportivi &#8220;atletici&#8221; [&hellip;]<\/p>\n","protected":false},"author":2,"featured_media":0,"comment_status":"closed","ping_status":"open","sticky":false,"template":"","format":"standard","meta":{"_et_pb_use_builder":"","_et_pb_old_content":"","_et_gb_content_width":"","footnotes":""},"categories":[10],"tags":[],"_links":{"self":[{"href":"https:\/\/www.atletica75.it\/wp2\/wp-json\/wp\/v2\/posts\/3378"}],"collection":[{"href":"https:\/\/www.atletica75.it\/wp2\/wp-json\/wp\/v2\/posts"}],"about":[{"href":"https:\/\/www.atletica75.it\/wp2\/wp-json\/wp\/v2\/types\/post"}],"author":[{"embeddable":true,"href":"https:\/\/www.atletica75.it\/wp2\/wp-json\/wp\/v2\/users\/2"}],"replies":[{"embeddable":true,"href":"https:\/\/www.atletica75.it\/wp2\/wp-json\/wp\/v2\/comments?post=3378"}],"version-history":[{"count":0,"href":"https:\/\/www.atletica75.it\/wp2\/wp-json\/wp\/v2\/posts\/3378\/revisions"}],"wp:attachment":[{"href":"https:\/\/www.atletica75.it\/wp2\/wp-json\/wp\/v2\/media?parent=3378"}],"wp:term":[{"taxonomy":"category","embeddable":true,"href":"https:\/\/www.atletica75.it\/wp2\/wp-json\/wp\/v2\/categories?post=3378"},{"taxonomy":"post_tag","embeddable":true,"href":"https:\/\/www.atletica75.it\/wp2\/wp-json\/wp\/v2\/tags?post=3378"}],"curies":[{"name":"wp","href":"https:\/\/api.w.org\/{rel}","templated":true}]}}