{"id":3399,"date":"2015-01-25T18:19:13","date_gmt":"2015-01-25T18:19:13","guid":{"rendered":"http:\/\/www.atletica75.it\/?p=3399"},"modified":"2015-01-25T18:19:13","modified_gmt":"2015-01-25T18:19:13","slug":"indoor-2015-i-primi-responsi","status":"publish","type":"post","link":"https:\/\/www.atletica75.it\/wp2\/2015\/01\/25\/indoor-2015-i-primi-responsi\/","title":{"rendered":"Indoor 2015 &#8211; I primi responsi"},"content":{"rendered":"<p><a href=\"https:\/\/www.atletica75.it\/wp2\/wp-content\/uploads\/2015\/01\/Vali-Podio-Reg-Indoor-e1422093729185-rotated-1.jpg\"><img decoding=\"async\" loading=\"lazy\" class=\"alignleft size-medium wp-image-3421\" src=\"https:\/\/www.atletica75.it\/wp1\/wp-content\/uploads\/2015\/01\/Vali-Podio-Reg-Indoor-e1422093729185-225x300.jpg\" alt=\"Vali Podio Reg Indoor\" width=\"225\" height=\"300\" \/><\/a>Inizia davvero alla grande la stagione al coperto della regina degli sport. Successi personali per il gruppo dei velocisti della categoria assoluta, un poker &#8220;allargato&#8221; di atleti perch\u00e9 vede casacche diverse di appartenenza. Ai <strong>meeting nazionali di<\/strong>\u00a0<strong>Ancona<\/strong>\u00a0<strong>dei primi tre\u00a0week end<\/strong> di gennaio <span style=\"text-decoration: underline;\">Luca Orecchini<\/span>, l&#8217;alfiere biancazzurro, fissa il suo miglior crono sui 60 metri a 7&#8243;55 che speriamo si abbassi ancora nelle prossime uscite. 24&#8243;91 il suo tempo sui 200 metri. E&#8217; lontano dalle gare da quasi due anni e queste sgambate invernali gli serviranno soprattutto per tornare in pista a primavera con lo spirito agonistico giusto.<!--more--> <span style=\"text-decoration: underline;\">Alex Pagnini<\/span> (tesserato per il 2015 all&#8217;Atletica Capanne Perugia) stabilisce subito un buon 7&#8243;25 che \u00e8 il suo primato. <span style=\"text-decoration: underline;\">Francesca Lorenzi<\/span> e <span style=\"text-decoration: underline;\">Silvia Battarra<\/span>, casacca Atletica Estense, centrano il personale alle prime prove, rispettivamente 8&#8243;35 e 8&#8243;22. Una coppia unita da una amicizia inossidabile che da anni si sostiene negli allenamenti e che ora ha ritrovato i giusti stimoli per migliorare. Avanti tutta dunque.<\/p>\n<p>Ai <strong>Campionati Regionali Allievi di Modena<\/strong> (domenica 18 gennaio)bel bottino per i nostri colori. <span style=\"text-decoration: underline;\">Alessandro Temellini<\/span> si migliora nel salto triplo con 12,86 e arriva secondo mentre nel lungo la battaglia si fa\u00a0pi\u00f9 dura, la concorrenza \u00e8 agguerrita. Proprio all&#8217;ultimo salto di finale, come suo solito, conquista il terzo posto con l&#8217;incoraggiante misura di 6,40. A livello &#8220;Allievi&#8221; la qualit\u00e0 \u00e8 discreta sia in regione che in ambito nazionale e Ale di certo avr\u00e0 un ruolo di primo piano. <span style=\"text-decoration: underline;\">Enrico Pani<\/span> sperimenta la sua prima volta nel salto con l&#8217;asta (3,20 la misura finale) con sufficiente fluidit\u00e0 ma con ampio margine di crescita.<\/p>\n<p>L&#8217;unica quota rosa di questa rassegna \u00e8 stata <span style=\"text-decoration: underline;\">Valeria Cecchini<\/span> che, orfana delle sue due compagne Sara e Tanya, non si fa intimidire e tira fuori tutto il suo carattere. Vince la gara con la misura di 2,90 (precedente 2,50 !) e stacca il biglietto per i Campionati Italiani di met\u00e0 febbraio. Esperienza per lei tutta nuova a questi livelli, segno che nel &#8220;trio&#8221; di saltatrici Allieve di cui fa parte pu\u00f2 davvero dedicarsi a questa specialit\u00e0.<\/p>\n<p>Il 24\/25 gennaio sempre nel capoluogo marchigiano un <strong>altra\u00a0rassegna di atletica nazionale <\/strong>applaude l&#8217;esordio di\u00a0<span style=\"text-decoration: underline;\">Niccol\u00f2 Battistelli<\/span> che corre i 200 in 26&#8243;48, ottimo crono per lui. Di nuovo Enrico si cimenta nei &#8220;suoi&#8221; ostacoli e fa registrare immediatamente un bel\u00a0tempo, 8&#8243;46, se si considera il fatto che le barriere si sono alzate fino a 0,91 cm (precedente 0,84 cm) nella nuova categoria, gli Allievi. <span style=\"text-decoration: underline;\">Federico Cerri<\/span>, altro atleta del 1999, prova l&#8217;anello da 200 metri e in 15^\u00a0batteria, ferma il display su 26&#8243;00; Federico ama in particolare le distanze intermedie, 400 e 800 metri, distanze che lo vedranno ai blocchi di partenza della stagione all&#8217;aperto. Ora tutta esperienza.<\/p>\n<p>Sempre sabato 24 gennaio a <strong>Fermo<\/strong> (FM), eccellente citt\u00e0 di valori sportivi e culturali, \u00e8 andata\u00a0in scena la blasonata <strong>gara nazionale di salto con l&#8217;asta<\/strong>. Per\u00a0<span style=\"text-decoration: underline;\">Dalila Fanelli<\/span> (classe 1996) e <span style=\"text-decoration: underline;\">Sara Gallina<\/span> (classe 1998) prova purtroppo opaca, senza misure valide. Per Dalila comunque una conferma del suo stato di forma attuale ma il cambio asta \u00e8 necessario e alla portata, per Sara uno stimolo a fare sempre meglio visti gli errori solo di un soffio e l&#8217;ultimo tentativo a 2,50 solo sfortunato. La tecnica rispecchia una discreta stabilit\u00e0 ma occorre da parte loro anche una verve maggiore e una fiducia crescente nei propri mezzi. Le fondamenta ci sono. Con loro l&#8217;amico di allenamenti <span style=\"text-decoration: underline;\">Luca Ricchiuti<\/span>, saltatore tesserato per la societ\u00e0 Golden Club Rimini che oggi supera 3,10. Dall&#8217;estate scorsa \u00e8 entrato a far parte del gruppo astisti, soprannominati simpaticamente MASTABON, nomignolo tratto dall&#8217;omonima manifestazione su piazza allestita a Cattolica nel 2013&#8230;che nel 2015 verr\u00e0 ripresentata di sicuro.<\/p>\n","protected":false},"excerpt":{"rendered":"<p>Inizia davvero alla grande la stagione al coperto della regina degli sport. Successi personali per il gruppo dei velocisti della categoria assoluta, un poker &#8220;allargato&#8221; di atleti perch\u00e9 vede casacche diverse di appartenenza. Ai meeting nazionali di\u00a0Ancona\u00a0dei primi tre\u00a0week end di gennaio Luca Orecchini, l&#8217;alfiere biancazzurro, fissa il suo miglior crono sui 60 metri a [&hellip;]<\/p>\n","protected":false},"author":2,"featured_media":0,"comment_status":"closed","ping_status":"open","sticky":false,"template":"","format":"standard","meta":{"_et_pb_use_builder":"","_et_pb_old_content":"","_et_gb_content_width":"","footnotes":""},"categories":[10],"tags":[],"_links":{"self":[{"href":"https:\/\/www.atletica75.it\/wp2\/wp-json\/wp\/v2\/posts\/3399"}],"collection":[{"href":"https:\/\/www.atletica75.it\/wp2\/wp-json\/wp\/v2\/posts"}],"about":[{"href":"https:\/\/www.atletica75.it\/wp2\/wp-json\/wp\/v2\/types\/post"}],"author":[{"embeddable":true,"href":"https:\/\/www.atletica75.it\/wp2\/wp-json\/wp\/v2\/users\/2"}],"replies":[{"embeddable":true,"href":"https:\/\/www.atletica75.it\/wp2\/wp-json\/wp\/v2\/comments?post=3399"}],"version-history":[{"count":0,"href":"https:\/\/www.atletica75.it\/wp2\/wp-json\/wp\/v2\/posts\/3399\/revisions"}],"wp:attachment":[{"href":"https:\/\/www.atletica75.it\/wp2\/wp-json\/wp\/v2\/media?parent=3399"}],"wp:term":[{"taxonomy":"category","embeddable":true,"href":"https:\/\/www.atletica75.it\/wp2\/wp-json\/wp\/v2\/categories?post=3399"},{"taxonomy":"post_tag","embeddable":true,"href":"https:\/\/www.atletica75.it\/wp2\/wp-json\/wp\/v2\/tags?post=3399"}],"curies":[{"name":"wp","href":"https:\/\/api.w.org\/{rel}","templated":true}]}}