{"id":3425,"date":"2015-02-16T13:07:12","date_gmt":"2015-02-16T13:07:12","guid":{"rendered":"http:\/\/www.atletica75.it\/?p=3425"},"modified":"2015-02-16T13:07:12","modified_gmt":"2015-02-16T13:07:12","slug":"i-nostri-giovani-ad-ancona","status":"publish","type":"post","link":"https:\/\/www.atletica75.it\/wp2\/2015\/02\/16\/i-nostri-giovani-ad-ancona\/","title":{"rendered":"I nostri giovani ad Ancona"},"content":{"rendered":"<p>[singlepic id=991 w= h= float=left]Se da un lato gli allievi e gli assoluti macinano allenamenti e competizioni secondo un calendario ben pianificato e condiviso, i pi\u00f9 giovani (ragazzi e cadetti) hanno ritmi molto diversi. Il lavoro di apprendimento tecnico e di crescita fisica in genere ha la priorit\u00e0 assoluta ma c&#8217;\u00e8 spazio anche per divertirsi, confrontarsi, mettersi in gioco in eventi <!--more-->agonistici, il contesto che tutti vogliono provare. E cos\u00ec deve essere. Gli appuntamenti finora disputati sono state tre trasferte ad Ancona, il solito bel palcoscenico dell&#8217;atletica nazionale.<\/p>\n<p>Il primo week end (<strong>domenica 18 gennaio<\/strong>) moltissimi alla prima esperienza. Velocit\u00e0, triplo, lungo e peso le discipline sperimentate con incoraggianti risultati. Bonopera Mattia 8.37 nel triplo, Bacchini Matteo 8&#8243;81 nei 60 piani e 8.90 nel triplo, Melchiorri Nicole 10&#8243;01 nella velocit\u00e0 e 2.60 nel lungo, Ambrosi Martina 10&#8243;74 velocit\u00e0 e 2.66 nel lungo e Boga Viola rispettivamente 11&#8243;43 e 3.17. Ancora Lenti Mattia buon 3.19 nel lungo. Nel getto del peso il trio Bacchini Vittoria 8.16, Maltoni Olivia 7.83 e Aguzzi Gloria 7.61.<\/p>\n<p>&nbsp;<\/p>\n<p>Nella seconda, <strong>domenica 25 gennaio<\/strong>, solo quattro cadette hanno allacciato ben strette le loro scarpe chiodate per cimentarsi nel salto in lungo e nel salto con l&#8217;asta. Michela Massari e Valentina Albertini si sono ben comportate nel lungo dove Vale ha quasi fatto il record personale (4,04 mt) con sufficiente maestria\u00a0tecnica mentre Michi ha dimostrato ancora qualche difetto nella parte finale della rincorsa che, se registrato meglio, dar\u00e0 effetti sorprendenti. 4,56 la misura definitiva di giornata.\u00a0Nel salto con l&#8217;asta le cose pi\u00f9 insperate. La sera della vigilia Valentina d&#8217;Altilia ha dovuto rinunciare causa febbre e ha lasciato sola la sua compagna <strong>Cecilia Zaurrini<\/strong>. Ceci, anche musicista appassionata, non si \u00e8 fatta intimorire dalla concorrenza della forte pugliese e, con grande carattere, ha sfoderato bei salti che le sono valsi la misura di 2 metri. Il valore non \u00e8 assoluto ma per lei \u00e8 una grossa conquista&#8230;ha compreso finalmente che pu\u00f2 andare avanti senza timori. Bravissima.<\/p>\n","protected":false},"excerpt":{"rendered":"<p>[singlepic id=991 w= h= float=left]Se da un lato gli allievi e gli assoluti macinano allenamenti e competizioni secondo un calendario ben pianificato e condiviso, i pi\u00f9 giovani (ragazzi e cadetti) hanno ritmi molto diversi. Il lavoro di apprendimento tecnico e di crescita fisica in genere ha la priorit\u00e0 assoluta ma c&#8217;\u00e8 spazio anche per divertirsi, [&hellip;]<\/p>\n","protected":false},"author":2,"featured_media":0,"comment_status":"closed","ping_status":"open","sticky":false,"template":"","format":"standard","meta":{"_et_pb_use_builder":"","_et_pb_old_content":"","_et_gb_content_width":"","footnotes":""},"categories":[10],"tags":[],"_links":{"self":[{"href":"https:\/\/www.atletica75.it\/wp2\/wp-json\/wp\/v2\/posts\/3425"}],"collection":[{"href":"https:\/\/www.atletica75.it\/wp2\/wp-json\/wp\/v2\/posts"}],"about":[{"href":"https:\/\/www.atletica75.it\/wp2\/wp-json\/wp\/v2\/types\/post"}],"author":[{"embeddable":true,"href":"https:\/\/www.atletica75.it\/wp2\/wp-json\/wp\/v2\/users\/2"}],"replies":[{"embeddable":true,"href":"https:\/\/www.atletica75.it\/wp2\/wp-json\/wp\/v2\/comments?post=3425"}],"version-history":[{"count":0,"href":"https:\/\/www.atletica75.it\/wp2\/wp-json\/wp\/v2\/posts\/3425\/revisions"}],"wp:attachment":[{"href":"https:\/\/www.atletica75.it\/wp2\/wp-json\/wp\/v2\/media?parent=3425"}],"wp:term":[{"taxonomy":"category","embeddable":true,"href":"https:\/\/www.atletica75.it\/wp2\/wp-json\/wp\/v2\/categories?post=3425"},{"taxonomy":"post_tag","embeddable":true,"href":"https:\/\/www.atletica75.it\/wp2\/wp-json\/wp\/v2\/tags?post=3425"}],"curies":[{"name":"wp","href":"https:\/\/api.w.org\/{rel}","templated":true}]}}