{"id":3433,"date":"2015-02-16T13:48:46","date_gmt":"2015-02-16T13:48:46","guid":{"rendered":"http:\/\/www.atletica75.it\/?p=3433"},"modified":"2015-02-16T13:48:46","modified_gmt":"2015-02-16T13:48:46","slug":"campionati-istituzionali-nel-week-end-appena-trascorso","status":"publish","type":"post","link":"https:\/\/www.atletica75.it\/wp2\/2015\/02\/16\/campionati-istituzionali-nel-week-end-appena-trascorso\/","title":{"rendered":"Campionati istituzionali nel week end appena trascorso"},"content":{"rendered":"<p><span style=\"text-decoration: underline;\"><strong>[singlepic id=992 w= h= float=left]Modena, Campionati Regionali Cadette\/i (under 15) &#8211; 15 febbraio 2015<\/strong><\/span><\/p>\n<p>Parte col botto la rassegna regionale giovanile per i nostri colori. Nella mattinata <strong>Michela<\/strong> <strong>Massari<\/strong> conquista il titolo nei 60 ostacoli anche se con qualche pasticcio tecnico; gi\u00e0 nelle batterie si \u00e8 vista la determinazione con cui Michela voleva arrivare <!--more-->l\u00e0 davanti a tutte. In finale la tensione si \u00e8 fatta sentire alla prima barriera con un errore abbastanza grossolano nella ritmica di avvicinamento ma subito dopo \u00e8 iniziata la rimonta ostacolo dopo ostacolo per finire con un 9&#8243;61 che comunque va un p\u00f2 stretto. Lacrime incontenibili di soddisfazione dopo la gara.<\/p>\n<p>Un altro podio arriva dai salti in elevazione. <strong>Valentina d&#8217;Altilia<\/strong> impugna l&#8217;asta e si conquista il terzo gradino a pari merito con l&#8217;argento. La misura di 2,30 passata alla seconda prova \u00e8 assolutamente migliorabile ma \u00e8 pur sempre il suo primato personale. Apprezzabile la sua autonomia e freddezza nella gestione del riscaldamento e della gara.<\/p>\n<p>Gli altri nostri cadetti: <strong>Elia Berardi<\/strong> ( 8&#8243;35 60 piani e 3,72 lungo), <strong>Bonopera Mattia<\/strong> (4,20 lungo), <strong>Flamigni Francesco<\/strong> (3,61 lungo e 6,21 peso), <strong>Casadei Chiara<\/strong> (4,12 lungo), <strong>Maltoni<\/strong> <strong>Olivia<\/strong> (3,31 lungo e 7,04 peso), <strong>Albertini Valentina<\/strong> (4,22 lungo e 8,30 triplo).<\/p>\n<p><span style=\"text-decoration: underline;\"><strong>Ancona, Campionati Italiani Allievi (under 17) &#8211; 15 febbraio 2015<\/strong><\/span><\/p>\n<p>Una due giorni interessante, molto interessante. Il primo motivo risiede nel fatto che avevamo tre portacolori in tre discipline differenti come non capitava da tempo. Poi era la prima esperienza nella categoria superiore, tra i pi\u00f9 gradi quindi, per due atleti e addirittura la prima volta in una rassegna nazionale cos\u00ec titolata per la terza. Nel salto in lungo <strong>Alessandro Temellini<\/strong> ha avuto qualche problema di troppo con la rincorsa, anello fondamentale di questa disciplina. Non \u00e8 riuscito ad esprimersi al meglio, nulli i primi due tentativi e un terzo da 6,22 hanno chiuso le porte della finale che era alla sua portata in termini assoluti. Stagione indoor da incorniciare in ogni caso e buoni segnali in vista della primavera.<\/p>\n<p><strong>Enrico Pani<\/strong> si \u00e8 presentato ai blocchi di partenza dei 60 ostacoli con un buon crono di accredito e ha subito conquistato le semifinali con un discreto 8&#8243;48. Non \u00e8 riuscito poi di un soffio (1 centesimo!) a correre la finale, gara che si \u00e8 rivelata velocissima! Tecnica di passaggio da sistemare e grinta da rendere pi\u00f9 costante.<\/p>\n<p><strong>Valeria Cecchini<\/strong> non si \u00e8 fatta sorprendere dai ritmi di un campionato italiano che, per tensioni, logistica e tempi di gara non ha nulla a che vedere con le altre gare. Reduce da un buon 2,90 saltato in occasione dei Regionali di Modena e che le \u00e8 valso il titolo non ha saputo ripetersi sugli stessi livelli. Il suo 2,70 non \u00e8 affatto male se si pensa che le progressioni con cui si alza l&#8217;asticella sono davvero selettive. Buona la prima insomma e molti molti progressi ancora da fare che metteranno le ali per andare ben oltre i 3 metri.<\/p>\n","protected":false},"excerpt":{"rendered":"<p>[singlepic id=992 w= h= float=left]Modena, Campionati Regionali Cadette\/i (under 15) &#8211; 15 febbraio 2015 Parte col botto la rassegna regionale giovanile per i nostri colori. Nella mattinata Michela Massari conquista il titolo nei 60 ostacoli anche se con qualche pasticcio tecnico; gi\u00e0 nelle batterie si \u00e8 vista la determinazione con cui Michela voleva arrivare<\/p>\n","protected":false},"author":2,"featured_media":0,"comment_status":"closed","ping_status":"open","sticky":false,"template":"","format":"standard","meta":{"_et_pb_use_builder":"","_et_pb_old_content":"","_et_gb_content_width":"","footnotes":""},"categories":[10],"tags":[],"_links":{"self":[{"href":"https:\/\/www.atletica75.it\/wp2\/wp-json\/wp\/v2\/posts\/3433"}],"collection":[{"href":"https:\/\/www.atletica75.it\/wp2\/wp-json\/wp\/v2\/posts"}],"about":[{"href":"https:\/\/www.atletica75.it\/wp2\/wp-json\/wp\/v2\/types\/post"}],"author":[{"embeddable":true,"href":"https:\/\/www.atletica75.it\/wp2\/wp-json\/wp\/v2\/users\/2"}],"replies":[{"embeddable":true,"href":"https:\/\/www.atletica75.it\/wp2\/wp-json\/wp\/v2\/comments?post=3433"}],"version-history":[{"count":0,"href":"https:\/\/www.atletica75.it\/wp2\/wp-json\/wp\/v2\/posts\/3433\/revisions"}],"wp:attachment":[{"href":"https:\/\/www.atletica75.it\/wp2\/wp-json\/wp\/v2\/media?parent=3433"}],"wp:term":[{"taxonomy":"category","embeddable":true,"href":"https:\/\/www.atletica75.it\/wp2\/wp-json\/wp\/v2\/categories?post=3433"},{"taxonomy":"post_tag","embeddable":true,"href":"https:\/\/www.atletica75.it\/wp2\/wp-json\/wp\/v2\/tags?post=3433"}],"curies":[{"name":"wp","href":"https:\/\/api.w.org\/{rel}","templated":true}]}}