{"id":3453,"date":"2015-03-16T13:51:50","date_gmt":"2015-03-16T13:51:50","guid":{"rendered":"http:\/\/www.atletica75.it\/?p=3453"},"modified":"2015-03-16T13:51:50","modified_gmt":"2015-03-16T13:51:50","slug":"il-primo-evento-del-40-anno-di-vita-podistica-per-tutti","status":"publish","type":"post","link":"https:\/\/www.atletica75.it\/wp2\/2015\/03\/16\/il-primo-evento-del-40-anno-di-vita-podistica-per-tutti\/","title":{"rendered":"Il primo evento del 40^ anno di vita: Podistica per tutti !!!!"},"content":{"rendered":"<p><a href=\"https:\/\/www.atletica75.it\/wp2\/wp-content\/uploads\/2014\/09\/disegno-podismo.jpg\"><img decoding=\"async\" loading=\"lazy\" class=\"alignleft size-medium wp-image-3222\" src=\"https:\/\/www.atletica75.it\/wp2\/wp-content\/uploads\/2014\/09\/disegno-podismo-300x294.jpg\" alt=\"disegno podismo\" width=\"300\" height=\"294\" srcset=\"https:\/\/www.atletica75.it\/wp2\/wp-content\/uploads\/2014\/09\/disegno-podismo-300x294.jpg 300w, https:\/\/www.atletica75.it\/wp2\/wp-content\/uploads\/2014\/09\/disegno-podismo.jpg 360w\" sizes=\"(max-width: 300px) 100vw, 300px\" \/><\/a>Si comincia alla grande il quarantesimo anno di et\u00e0 della nostra societ\u00e0. E si inizia doverosamente dalla pi\u00f9 antica delle nostre sezioni, il podismo. Infatti domenica 22 marzo sar\u00e0 una festa della corsa su strada per gli adulti e in pista per i bambini. Alle 9.30 lo sparo sar\u00e0 per gli 11 km dei corridori pi\u00f9 incalliti e poco dopo prenderanno il via i 5 km della camminata amatoriale per le famiglie e per gli appassionati che stanno scoprendo il piacere di correre in compagnia. Subito dopo sar\u00e0 la volta dei bambini, le promesse del futuro, che per il momento &#8220;assaggiano&#8221; le prove di resistenza fino a 800 metri. C&#8217;\u00e8 attesa anche per la prima uscita casalinga dei componenti del nuovo gruppo del &#8220;Corso di Corsa&#8221; capitanato dal &#8220;maestro Luca&#8221;, volenterosi che si stanno innamorando di questa naturale e redditizia\u00a0(di certo per la salute !!!) disciplina. Tassello iniziale di un anno pieno di iniziative&#8230;una festa che durer\u00e0 12 mesi. Si scaldano i motori !!!!<\/p>\n<p><a href=\"https:\/\/www.atletica75.it\/wp2\/wp-content\/uploads\/2015\/03\/Locandina-Cattolica-2015.pdf\">Locandina Cattolica 2015<\/a><\/p>\n","protected":false},"excerpt":{"rendered":"<p>Si comincia alla grande il quarantesimo anno di et\u00e0 della nostra societ\u00e0. E si inizia doverosamente dalla pi\u00f9 antica delle nostre sezioni, il podismo. Infatti domenica 22 marzo sar\u00e0 una festa della corsa su strada per gli adulti e in pista per i bambini. Alle 9.30 lo sparo sar\u00e0 per gli 11 km dei corridori [&hellip;]<\/p>\n","protected":false},"author":2,"featured_media":0,"comment_status":"closed","ping_status":"open","sticky":false,"template":"","format":"standard","meta":{"_et_pb_use_builder":"","_et_pb_old_content":"","_et_gb_content_width":"","footnotes":""},"categories":[21,14],"tags":[],"_links":{"self":[{"href":"https:\/\/www.atletica75.it\/wp2\/wp-json\/wp\/v2\/posts\/3453"}],"collection":[{"href":"https:\/\/www.atletica75.it\/wp2\/wp-json\/wp\/v2\/posts"}],"about":[{"href":"https:\/\/www.atletica75.it\/wp2\/wp-json\/wp\/v2\/types\/post"}],"author":[{"embeddable":true,"href":"https:\/\/www.atletica75.it\/wp2\/wp-json\/wp\/v2\/users\/2"}],"replies":[{"embeddable":true,"href":"https:\/\/www.atletica75.it\/wp2\/wp-json\/wp\/v2\/comments?post=3453"}],"version-history":[{"count":0,"href":"https:\/\/www.atletica75.it\/wp2\/wp-json\/wp\/v2\/posts\/3453\/revisions"}],"wp:attachment":[{"href":"https:\/\/www.atletica75.it\/wp2\/wp-json\/wp\/v2\/media?parent=3453"}],"wp:term":[{"taxonomy":"category","embeddable":true,"href":"https:\/\/www.atletica75.it\/wp2\/wp-json\/wp\/v2\/categories?post=3453"},{"taxonomy":"post_tag","embeddable":true,"href":"https:\/\/www.atletica75.it\/wp2\/wp-json\/wp\/v2\/tags?post=3453"}],"curies":[{"name":"wp","href":"https:\/\/api.w.org\/{rel}","templated":true}]}}