{"id":3494,"date":"2015-05-02T14:14:05","date_gmt":"2015-05-02T14:14:05","guid":{"rendered":"http:\/\/www.atletica75.it\/?p=3494"},"modified":"2015-05-02T14:14:05","modified_gmt":"2015-05-02T14:14:05","slug":"resoconto-delle-ultime-uscite-ginniche","status":"publish","type":"post","link":"https:\/\/www.atletica75.it\/wp2\/2015\/05\/02\/resoconto-delle-ultime-uscite-ginniche\/","title":{"rendered":"Resoconto delle ultime uscite &#8220;ginniche&#8221;"},"content":{"rendered":"<p><a href=\"https:\/\/www.atletica75.it\/wp2\/wp-content\/uploads\/2015\/05\/Regionali-UISP-2015-Cattolica.jpg\"><img decoding=\"async\" loading=\"lazy\" class=\"alignleft size-medium wp-image-3495\" src=\"https:\/\/www.atletica75.it\/wp2\/wp-content\/uploads\/2015\/05\/Regionali-UISP-2015-Cattolica-225x300.jpg\" alt=\"Regionali UISP 2015 Cattolica\" width=\"225\" height=\"300\" \/><\/a>&#8220;Meglio tardi che mai&#8221; recita il famoso motto. Con un p\u00f2 di ritardo che i diretti interessati speriamo non ce ne vogliano, rendiamo onore a chi \u00e8 scesa in pedana nell&#8217;ultima <strong>prova<\/strong> <strong>regionale UISP delle categorie dalla 3^ alla 6^, Over comprese<\/strong>. A <span style=\"text-decoration: underline;\">Cattolica<\/span>, importante sede entro i nostri confini emiliano-romagnoli, l&#8217;affluenza \u00e8 stata buona e il livello tecnico discreto; alcune ginnaste si sono fatte forti della qualificazione nazionale gi\u00e0 in tasca, altre hanno lottato col coltello tra i denti. Affrontare gli attrezzi di casa \u00e8 un vantaggio perch\u00e9 l&#8217;affinit\u00e0 \u00e8\u00a0maggiore ma pu\u00f2 anche rivelarsi motivo di tensione, aspettative da non deludere tra le mura amiche. Le ragazze biancazzurre hanno dimostrato tutte freddezza e <!--more-->determinazione supportate dal tifo delle &#8220;piccole&#8221; compagne di allenamenti che, desiderose di seguire le orme delle &#8220;grandi&#8221;, hanno vissuto in prima persona il campo gara tra foglietti da consegnare alla segreteria e gli applausi ai loro idoli. Laura Sanchini, Chiara Temellini, Morena Galanti, Valeria Cecchini, Manuela Po Baldrighi, Sofia Antonelli, Erica Brunetti, Gaia Zanca, Sofia Tenti, Elena Sacchi, Giulia Piccari, Alice Linari, Alessia Bontempi, Vanessa Casadei, Noemi Guidi, Lucia Magnani, Giorgia Castaldo, Elisa Ortolani, Giorgia e Jessica Dini (e tutte le altre compagne assenti in giornata) danno appuntamento a tutti a fine maggio a Padova, nello splendido scenario del nuovo palazzetto polisportivo dedicato proprio alla ginnastica e all&#8217;atletica&#8230;che sia di buon auspicio?<\/p>\n<p><a href=\"https:\/\/www.atletica75.it\/wp2\/wp-content\/uploads\/2015\/05\/Coreografia-Forli-2015.jpg\"><img decoding=\"async\" loading=\"lazy\" class=\"alignleft size-medium wp-image-3497\" src=\"https:\/\/www.atletica75.it\/wp2\/wp-content\/uploads\/2015\/05\/Coreografia-Forli-2015-300x225.jpg\" alt=\"Coreografia Forl\u00ec 2015\" width=\"300\" height=\"225\" \/><\/a>Il 1 di maggio \u00e8, anche quest&#8217;anno, un giorno da ricordare. Dopo la sorpresa dell&#8217;anno scorso \u00e8 arrivata una ulteriore conferma in occasione della Rassegna Nazionale di Coreografia UISP ospitata da tempo dalla citt\u00e0 di Forl\u00ec a cura della Polisportica Cava. Infatti il gruppo coreografico della nostra societ\u00e0 si \u00e8 esibito alla grande sul parquet forlivese ricevendo i complimenti della giuria e conquistando il trofeo\u00a0pi\u00f9 ambito di giornata, l&#8217;Oscar Coreografico. Il loro pezzo &#8220;Bianco e Nero&#8221; ha colpito per la semplicit\u00e0, il lavoro a terra, alcuni passaggi corali davvero originali ma soprattutto per aver tirato fuori il massimo da un gruppo di adolescenti non professioniste che ci hanno messo l&#8217;anima. Aspettiamo con ansia la prossima esibizione!!!<\/p>\n","protected":false},"excerpt":{"rendered":"<p>&#8220;Meglio tardi che mai&#8221; recita il famoso motto. Con un p\u00f2 di ritardo che i diretti interessati speriamo non ce ne vogliano, rendiamo onore a chi \u00e8 scesa in pedana nell&#8217;ultima prova regionale UISP delle categorie dalla 3^ alla 6^, Over comprese. A Cattolica, importante sede entro i nostri confini emiliano-romagnoli, l&#8217;affluenza \u00e8 stata buona [&hellip;]<\/p>\n","protected":false},"author":2,"featured_media":0,"comment_status":"closed","ping_status":"open","sticky":false,"template":"","format":"standard","meta":{"_et_pb_use_builder":"","_et_pb_old_content":"","_et_gb_content_width":"","footnotes":""},"categories":[13],"tags":[],"_links":{"self":[{"href":"https:\/\/www.atletica75.it\/wp2\/wp-json\/wp\/v2\/posts\/3494"}],"collection":[{"href":"https:\/\/www.atletica75.it\/wp2\/wp-json\/wp\/v2\/posts"}],"about":[{"href":"https:\/\/www.atletica75.it\/wp2\/wp-json\/wp\/v2\/types\/post"}],"author":[{"embeddable":true,"href":"https:\/\/www.atletica75.it\/wp2\/wp-json\/wp\/v2\/users\/2"}],"replies":[{"embeddable":true,"href":"https:\/\/www.atletica75.it\/wp2\/wp-json\/wp\/v2\/comments?post=3494"}],"version-history":[{"count":0,"href":"https:\/\/www.atletica75.it\/wp2\/wp-json\/wp\/v2\/posts\/3494\/revisions"}],"wp:attachment":[{"href":"https:\/\/www.atletica75.it\/wp2\/wp-json\/wp\/v2\/media?parent=3494"}],"wp:term":[{"taxonomy":"category","embeddable":true,"href":"https:\/\/www.atletica75.it\/wp2\/wp-json\/wp\/v2\/categories?post=3494"},{"taxonomy":"post_tag","embeddable":true,"href":"https:\/\/www.atletica75.it\/wp2\/wp-json\/wp\/v2\/tags?post=3494"}],"curies":[{"name":"wp","href":"https:\/\/api.w.org\/{rel}","templated":true}]}}