{"id":3528,"date":"2015-05-11T13:17:18","date_gmt":"2015-05-11T13:17:18","guid":{"rendered":"http:\/\/www.atletica75.it\/?p=3528"},"modified":"2015-05-11T13:17:18","modified_gmt":"2015-05-11T13:17:18","slug":"atletica-75-a-modena","status":"publish","type":"post","link":"https:\/\/www.atletica75.it\/wp2\/2015\/05\/11\/atletica-75-a-modena\/","title":{"rendered":"Atletica 75 a Modena"},"content":{"rendered":"<p>[singlepic id=1012 w= h= float=left]Fine settimana intenso anche per l&#8217;atletica che scalda i motori in vista delle gare pi\u00f9 importanti di giugno. Due giorni agonistici che hanno dato segnali importanti su diversi aspetti, quello dello stato di condizione tecnica, fisica e<!--more--> mentale dei nostri alfieri. Il sabato Alessandro Temellini si \u00e8 cimentato nel salto triplo, disciplina affine al salto in lungo e complementare per ci\u00f2 che riguarda la preparazione. La misura finale di 12.50 lascia intendere un netto miglioramento nella rincorsa che far\u00e0 da apripista, a breve, alla stabilit\u00e0 del salto e speriamo in un incremento in termini di centimetri. Enrico Pani continua il suo lavoro sulle prove multiple (senza dimenticare i suoi ostacoli si intende) cimentandosi nell&#8217;asta; giornata purtroppo in chiaro\/scuro per lui, determinata da una ancora scarsa abitudine ad elevarsi con la &#8220;pertica sportiva&#8221;. Lima di un centesimo il personale Luca Orecchini che segna 11&#8243;71.<\/p>\n<p>La domenica \u00e8 la volta della gara di asta al femminile. Sconvolgente determinazione di Tanya Torriani che si innalza fino a 2,60, solo dieci centimetri sotto al limite stabilito dalla Federazione per partecipare ai Campionati Italiani di categoria, misura alla sua portata. Nella stessa gara Valeria Cecchini si ferma a 2,80. Dalila Fanelli inzia con un bel salto la gara per poi fermarsi a 2.40. Ancora Luca Orecchini, questa volta sui 200 metri, abbassa di molto il suo record e lo porta a 24&#8243;31.<\/p>\n<p>Gli altri &#8220;cattolichini&#8221; in prestito ad altre societ\u00e0 corrono fortissimo: Francesca Lorenzi si stabilizza intorno ai 13&#8243; netti sui 100 (13&#8243;09), Silvia Battarra vola fino all&#8217;arrivo in 12&#8243;88 e Alex Pagnini a Macerata fissa il cronometro dei 400 metri su 49&#8243;06.<\/p>\n","protected":false},"excerpt":{"rendered":"<p>[singlepic id=1012 w= h= float=left]Fine settimana intenso anche per l&#8217;atletica che scalda i motori in vista delle gare pi\u00f9 importanti di giugno. Due giorni agonistici che hanno dato segnali importanti su diversi aspetti, quello dello stato di condizione tecnica, fisica e<\/p>\n","protected":false},"author":2,"featured_media":0,"comment_status":"closed","ping_status":"open","sticky":false,"template":"","format":"standard","meta":{"_et_pb_use_builder":"","_et_pb_old_content":"","_et_gb_content_width":"","footnotes":""},"categories":[10],"tags":[],"_links":{"self":[{"href":"https:\/\/www.atletica75.it\/wp2\/wp-json\/wp\/v2\/posts\/3528"}],"collection":[{"href":"https:\/\/www.atletica75.it\/wp2\/wp-json\/wp\/v2\/posts"}],"about":[{"href":"https:\/\/www.atletica75.it\/wp2\/wp-json\/wp\/v2\/types\/post"}],"author":[{"embeddable":true,"href":"https:\/\/www.atletica75.it\/wp2\/wp-json\/wp\/v2\/users\/2"}],"replies":[{"embeddable":true,"href":"https:\/\/www.atletica75.it\/wp2\/wp-json\/wp\/v2\/comments?post=3528"}],"version-history":[{"count":0,"href":"https:\/\/www.atletica75.it\/wp2\/wp-json\/wp\/v2\/posts\/3528\/revisions"}],"wp:attachment":[{"href":"https:\/\/www.atletica75.it\/wp2\/wp-json\/wp\/v2\/media?parent=3528"}],"wp:term":[{"taxonomy":"category","embeddable":true,"href":"https:\/\/www.atletica75.it\/wp2\/wp-json\/wp\/v2\/categories?post=3528"},{"taxonomy":"post_tag","embeddable":true,"href":"https:\/\/www.atletica75.it\/wp2\/wp-json\/wp\/v2\/tags?post=3528"}],"curies":[{"name":"wp","href":"https:\/\/api.w.org\/{rel}","templated":true}]}}