{"id":3556,"date":"2015-06-21T17:14:36","date_gmt":"2015-06-21T17:14:36","guid":{"rendered":"http:\/\/www.atletica75.it\/?p=3556"},"modified":"2015-06-21T17:14:36","modified_gmt":"2015-06-21T17:14:36","slug":"campionati-italiani-allievi","status":"publish","type":"post","link":"https:\/\/www.atletica75.it\/wp2\/2015\/06\/21\/campionati-italiani-allievi\/","title":{"rendered":"Campionati Italiani Allievi"},"content":{"rendered":"<p>[singlepic id=1017 w= h= float=left]La blasonata Arena Civica di Milano \u00e8 stata invasa nel fine settimana da una miriade di giovani atleti che sono arrivati agguerriti pi\u00f9 che mai in cerca di un posto nelle finali dei Campionati Italiani di categoria (allievi classi 1998\/1999). Sole splendente ma caldo sopportabile, una leggera brezza ha spirato a favore del <!--more-->rettilineo principale e delle pedane dei salti in estensione. Insomma buone condizioni per le competizioni. I nostri tre alfieri erano Ale &#8220;Teme&#8221;, &#8220;Vali&#8221; Cecchini e &#8220;Enti&#8221; Pani.<\/p>\n<p>Il primo &#8220;gladiatore&#8221; a scendere nella&#8217;arena \u00e8 stato Ale nel pomeriggio di venerd\u00ec nel salto in lungo. La sua situazione tecnica era un po in difficolt\u00e0 da tempo, i mesi invernali sono stati duri, ma la consapevolezza di poter fare bene era presente, la voglia di dimostrare il proprio valore fortissima. Purtroppo i tre salti di qualificazione non gli hanno permesso di entrare nella finale dei 12. &#8220;<i>Alla fine della gara ero incavolato nero e penso sia normale. Ma sono anche consapevole di essere migliorato: faccio meglio gli ostacoli, sono pi\u00f9 veloce e pi\u00f9 forte. Forse un blocco passeggero, una stagione di cambiamenti. Basta riprendersi e lavorare per tornare su buoni livelli<\/i>&#8220;. Commento maturo quello di Ale che di carattere non si scoraggia e trover\u00e0 la determinazione per rifarsi nelle gare di settembre.<\/p>\n<p>Valeria \u00e8 lucida e spensierata nella sua analisi. &#8220;<em>Sono contenta perch\u00e9 sono stata l&#8217;unica a valere il 3,20 della qualificazione, l&#8217;ho sbagliato solo per sfortuna, mi sono sentita bene. Peccato per l&#8217;errore in pi\u00f9 a 3 metri che ha fatto passare le altre due in finale al mio posto. Sono felice comunque di aver usato un&#8217;asta pi\u00f9 impegnativa<\/em>&#8220;. In forte ripresa dopo qualche problema fisico ha gestito la gara di salto con l&#8217;asta in modo impeccabile, sicura di s\u00e9 e presente con la testa. C&#8217;\u00e8 solo da mordersi le mani per quel 3,20 sbagliato davvero\u00a0di un soffio, salto in cui solo la sfortuna ha negato la soddisfazione di una finale che sarebbe stata meritatissima. Ma cos\u00ec sono i salti in elevazione\u00a0dell&#8217;atletica, un errore in pi\u00f9 pu\u00f2 costare caro.<\/p>\n<p>Enrico non si \u00e8 espresso sui suoi soliti livelli nei 110 metri ad ostacoli. Nella seconda batteria \u00e8 parso assente, tecnicamente pulito ma poco aggressivo. &#8220;<em>Non so cosa ho sbagliato, non lo so. Non riesco a capire nemmeno come mi sono sentito<\/em>&#8220;. La delusione \u00e8 percepibile in queste sue poche parole e c&#8217;\u00e8 poco da aggiungere, giornata storta. Avr\u00e0 per\u00f2 subito l&#8217;occasione di rifarsi la prossima settimana in un altro Campionato Italiano, quello di decathlon, le temute 10 fatiche. I margini di miglioramento sono alti e pu\u00f2 siglare un altro primato personale.<\/p>\n","protected":false},"excerpt":{"rendered":"<p>[singlepic id=1017 w= h= float=left]La blasonata Arena Civica di Milano \u00e8 stata invasa nel fine settimana da una miriade di giovani atleti che sono arrivati agguerriti pi\u00f9 che mai in cerca di un posto nelle finali dei Campionati Italiani di categoria (allievi classi 1998\/1999). Sole splendente ma caldo sopportabile, una leggera brezza ha spirato a [&hellip;]<\/p>\n","protected":false},"author":2,"featured_media":0,"comment_status":"closed","ping_status":"open","sticky":false,"template":"","format":"standard","meta":{"_et_pb_use_builder":"","_et_pb_old_content":"","_et_gb_content_width":"","footnotes":""},"categories":[10],"tags":[],"_links":{"self":[{"href":"https:\/\/www.atletica75.it\/wp2\/wp-json\/wp\/v2\/posts\/3556"}],"collection":[{"href":"https:\/\/www.atletica75.it\/wp2\/wp-json\/wp\/v2\/posts"}],"about":[{"href":"https:\/\/www.atletica75.it\/wp2\/wp-json\/wp\/v2\/types\/post"}],"author":[{"embeddable":true,"href":"https:\/\/www.atletica75.it\/wp2\/wp-json\/wp\/v2\/users\/2"}],"replies":[{"embeddable":true,"href":"https:\/\/www.atletica75.it\/wp2\/wp-json\/wp\/v2\/comments?post=3556"}],"version-history":[{"count":0,"href":"https:\/\/www.atletica75.it\/wp2\/wp-json\/wp\/v2\/posts\/3556\/revisions"}],"wp:attachment":[{"href":"https:\/\/www.atletica75.it\/wp2\/wp-json\/wp\/v2\/media?parent=3556"}],"wp:term":[{"taxonomy":"category","embeddable":true,"href":"https:\/\/www.atletica75.it\/wp2\/wp-json\/wp\/v2\/categories?post=3556"},{"taxonomy":"post_tag","embeddable":true,"href":"https:\/\/www.atletica75.it\/wp2\/wp-json\/wp\/v2\/tags?post=3556"}],"curies":[{"name":"wp","href":"https:\/\/api.w.org\/{rel}","templated":true}]}}