{"id":3580,"date":"2015-07-01T12:28:17","date_gmt":"2015-07-01T12:28:17","guid":{"rendered":"http:\/\/www.atletica75.it\/?p=3580"},"modified":"2015-07-01T12:28:17","modified_gmt":"2015-07-01T12:28:17","slug":"un-luglio-di-corsa","status":"publish","type":"post","link":"https:\/\/www.atletica75.it\/wp2\/2015\/07\/01\/un-luglio-di-corsa\/","title":{"rendered":"Un luglio di Corsa"},"content":{"rendered":"<p>Cari amici corridori vi aspetta un inizio del mese di luglio con due importanti avvenimenti. Il primo sar\u00e0 <strong>venerd\u00ec 3 luglio<\/strong> al cospetto del Castello di Gradara con la podistica non competitiva dell&#8217;assedio al Castello per poi giungere al giorno <strong>mercoled\u00ec 8<\/strong> con una iniziativa nuovissima inserita in un circuito nazionale denominato Ecomaretona, corsa a<!--more--> tappe che copre gran parte del territorio italiano, di cui Cattolica ne \u00e8 una meraviglia invidiabile. Armatevi di scarpe gi\u00e0 &#8220;chilometrate&#8221;, abbigliamento comodo e tanta buona volont\u00e0. Il divertimento non mancher\u00e0.<\/p>\n<p>Qui sotto tutte le info nei rispettivi volantini.<\/p>\n<p><a href=\"https:\/\/www.atletica75.it\/wp2\/wp-content\/uploads\/2015\/07\/4-13-Locandina-Cattolica-bis.pdf\">4 13) Locandina Cattolica bis<\/a><\/p>\n<p><a href=\"https:\/\/www.atletica75.it\/wp2\/wp-content\/uploads\/2015\/07\/Locandina-Gradara-1.jpg\"><img decoding=\"async\" loading=\"lazy\" class=\"alignleft size-medium wp-image-3577\" src=\"https:\/\/www.atletica75.it\/wp2\/wp-content\/uploads\/2015\/07\/Locandina-Gradara-1-216x300.jpg\" alt=\"Locandina Gradara 1\" width=\"216\" height=\"300\" \/><\/a><\/p>\n<p><a href=\"https:\/\/www.atletica75.it\/wp2\/wp-content\/uploads\/2015\/07\/Locandini-Gradara-2.jpg\"><img decoding=\"async\" loading=\"lazy\" class=\"alignleft size-medium wp-image-3578\" src=\"https:\/\/www.atletica75.it\/wp2\/wp-content\/uploads\/2015\/07\/Locandini-Gradara-2-211x300.jpg\" alt=\"Locandini Gradara 2\" width=\"211\" height=\"300\" \/><\/a><\/p>\n","protected":false},"excerpt":{"rendered":"<p>Cari amici corridori vi aspetta un inizio del mese di luglio con due importanti avvenimenti. Il primo sar\u00e0 venerd\u00ec 3 luglio al cospetto del Castello di Gradara con la podistica non competitiva dell&#8217;assedio al Castello per poi giungere al giorno mercoled\u00ec 8 con una iniziativa nuovissima inserita in un circuito nazionale denominato Ecomaretona, corsa a<\/p>\n","protected":false},"author":2,"featured_media":0,"comment_status":"closed","ping_status":"open","sticky":false,"template":"","format":"standard","meta":{"_et_pb_use_builder":"","_et_pb_old_content":"","_et_gb_content_width":"","footnotes":""},"categories":[17,14],"tags":[],"_links":{"self":[{"href":"https:\/\/www.atletica75.it\/wp2\/wp-json\/wp\/v2\/posts\/3580"}],"collection":[{"href":"https:\/\/www.atletica75.it\/wp2\/wp-json\/wp\/v2\/posts"}],"about":[{"href":"https:\/\/www.atletica75.it\/wp2\/wp-json\/wp\/v2\/types\/post"}],"author":[{"embeddable":true,"href":"https:\/\/www.atletica75.it\/wp2\/wp-json\/wp\/v2\/users\/2"}],"replies":[{"embeddable":true,"href":"https:\/\/www.atletica75.it\/wp2\/wp-json\/wp\/v2\/comments?post=3580"}],"version-history":[{"count":0,"href":"https:\/\/www.atletica75.it\/wp2\/wp-json\/wp\/v2\/posts\/3580\/revisions"}],"wp:attachment":[{"href":"https:\/\/www.atletica75.it\/wp2\/wp-json\/wp\/v2\/media?parent=3580"}],"wp:term":[{"taxonomy":"category","embeddable":true,"href":"https:\/\/www.atletica75.it\/wp2\/wp-json\/wp\/v2\/categories?post=3580"},{"taxonomy":"post_tag","embeddable":true,"href":"https:\/\/www.atletica75.it\/wp2\/wp-json\/wp\/v2\/tags?post=3580"}],"curies":[{"name":"wp","href":"https:\/\/api.w.org\/{rel}","templated":true}]}}