{"id":3586,"date":"2015-07-30T12:35:59","date_gmt":"2015-07-30T12:35:59","guid":{"rendered":"http:\/\/www.atletica75.it\/?p=3586"},"modified":"2015-07-30T12:35:59","modified_gmt":"2015-07-30T12:35:59","slug":"mastabon-un-evento-fatto-col-cuore","status":"publish","type":"post","link":"https:\/\/www.atletica75.it\/wp2\/2015\/07\/30\/mastabon-un-evento-fatto-col-cuore\/","title":{"rendered":"MASTABON, un evento fatto col cuore!"},"content":{"rendered":"<p><a href=\"https:\/\/www.atletica75.it\/wp2\/wp-content\/uploads\/2015\/07\/Mastabon-Drone-2015.jpg\"><img decoding=\"async\" loading=\"lazy\" class=\"alignleft size-medium wp-image-3590\" src=\"https:\/\/www.atletica75.it\/wp2\/wp-content\/uploads\/2015\/07\/Mastabon-Drone-2015-300x225.jpg\" alt=\"Mastabon Drone 2015\" width=\"300\" height=\"225\" \/><\/a>L&#8217;unica parola che \u00e8 giusto tenere a mente \u00e8 <strong>GRAZIE<\/strong>. L&#8217;ottima riuscita della splendida serata di salto con l&#8217;asta in Piazza 1^ Maggio a Cattolica \u00e8 merito di tante persone.<\/p>\n<p>Partiamo da chi solitamente viene menzionato solo in fondo alla lista, i <strong>volontari. <\/strong>La nostra societ\u00e0 ha l&#8217;onore di contare su ragazzi che hanno appeso la divisa da gara e si sono immedesimati nel ruolo di <!--more-->operai per un giorno, con spensieratezza e voglia di condividere un momento comunque faticoso, a tratti esilarante, quello dell&#8217;allestimento, ore che hanno messo a dura prova i loro fisici atletici.<\/p>\n<p>Poi il gruppo dei\u00a0<strong>&#8220;<\/strong><b>maestri&#8221;<\/b>, abituati a rimboccarsi le maniche e non a stare dietro ad una scrivania. Non solo coordinamento ma anche facchinaggio allietato da una buona birra fresca. Perfetto!<\/p>\n<p>Applausi ovviamente agli <strong>atleti<\/strong> che hanno dato spettacolo in mezzo ad una folla entusiasta con le loro evoluzioni aeree che sono arrivate fino ad altezze maestose. Sono ragazzi non professionisti ma appassionati di\u00a0questa disciplina che d\u00e0 loro un piacere immenso, soprattutto gli astisti cresciuti nel nostro piccolo vivaio (non ce ne vogliano gli amici di Monza!!!) con tanta voglia di migliorarsi e divertirsi. L&#8217;impegno verr\u00e0 sempre ripagato e loro ne sono consapevoli, bei traguardi li attendono nell&#8217;immediato futuro.<\/p>\n<p>Un grosso GRAZIE anche alla <strong>sezione Podismo<\/strong> che ha addirittura fornito un giudice ufficiale per la serata. Affamato di chilometri, la cosa pi\u00f9 difficile \u00e8 stata tenerlo fermo per un&#8217;ora e mezza!<\/p>\n<p>Il ritmo con le mani, la Clap, \u00a0\u00e8 stato guidato dalle <strong>ragazze della<\/strong> <strong>ginnastica<\/strong> che con la loro presenza hanno reso l&#8217;atmosfera davvero completa. Non sarebbe stata la stessa cosa senza di loro.<\/p>\n<p>Ringraziamenti ufficiali all&#8217;<strong>amministrazione<\/strong> <strong>comunale<\/strong> che ha concesso la meravigliosa piazza centrale e ha messo a disposizione un addetto molto ferrato\u00a0in tema di &#8220;atletica&#8221;,\u00a0<strong>Amplilux<\/strong> Suono e Luce sempre puntuale e affettuosa, una di noi insomma. Gli amici <strong>King Sport<\/strong>, <strong>Gelateria Delizia<\/strong> e <strong>Ristorante l&#8217;Anfora<\/strong> che ci sono sempre vicini.<\/p>\n<p>Un abbraccio al comandante del\u00a0<strong>Drone volante<\/strong> che ci ha fatto una bellissima sorpresa nell&#8217;immortalare dall&#8217;alto i salti&#8230;in fatto di altezza, ad essere onesti, ha vinto lui.<\/p>\n<p>Doveroso\u00a0dire grazie all&#8217;<strong>Atletica 75<\/strong>\u00a0per aver permesso tutto questo, \u00e8 stata la principale artefice dell&#8217;evento e la nostra grande MAMMA a cui vogliamo un bene enorme.<\/p>\n<p>Questo lungo elenco di benemerenze rimanda ad un motto molto noto che ci fa andare avanti nonostante le difficolt\u00e0: <span style=\"text-decoration: underline;\"><strong>l&#8217;unione fa la forza<\/strong><\/span>.<\/p>\n<p>Arrivederci alla prossima edizione di MASTABON !!!<\/p>\n","protected":false},"excerpt":{"rendered":"<p>L&#8217;unica parola che \u00e8 giusto tenere a mente \u00e8 GRAZIE. L&#8217;ottima riuscita della splendida serata di salto con l&#8217;asta in Piazza 1^ Maggio a Cattolica \u00e8 merito di tante persone. Partiamo da chi solitamente viene menzionato solo in fondo alla lista, i volontari. La nostra societ\u00e0 ha l&#8217;onore di contare su ragazzi che hanno appeso [&hellip;]<\/p>\n","protected":false},"author":2,"featured_media":0,"comment_status":"closed","ping_status":"open","sticky":false,"template":"","format":"standard","meta":{"_et_pb_use_builder":"","_et_pb_old_content":"","_et_gb_content_width":"","footnotes":""},"categories":[10,17],"tags":[],"_links":{"self":[{"href":"https:\/\/www.atletica75.it\/wp2\/wp-json\/wp\/v2\/posts\/3586"}],"collection":[{"href":"https:\/\/www.atletica75.it\/wp2\/wp-json\/wp\/v2\/posts"}],"about":[{"href":"https:\/\/www.atletica75.it\/wp2\/wp-json\/wp\/v2\/types\/post"}],"author":[{"embeddable":true,"href":"https:\/\/www.atletica75.it\/wp2\/wp-json\/wp\/v2\/users\/2"}],"replies":[{"embeddable":true,"href":"https:\/\/www.atletica75.it\/wp2\/wp-json\/wp\/v2\/comments?post=3586"}],"version-history":[{"count":0,"href":"https:\/\/www.atletica75.it\/wp2\/wp-json\/wp\/v2\/posts\/3586\/revisions"}],"wp:attachment":[{"href":"https:\/\/www.atletica75.it\/wp2\/wp-json\/wp\/v2\/media?parent=3586"}],"wp:term":[{"taxonomy":"category","embeddable":true,"href":"https:\/\/www.atletica75.it\/wp2\/wp-json\/wp\/v2\/categories?post=3586"},{"taxonomy":"post_tag","embeddable":true,"href":"https:\/\/www.atletica75.it\/wp2\/wp-json\/wp\/v2\/tags?post=3586"}],"curies":[{"name":"wp","href":"https:\/\/api.w.org\/{rel}","templated":true}]}}