{"id":3720,"date":"2015-12-28T18:53:36","date_gmt":"2015-12-28T18:53:36","guid":{"rendered":"http:\/\/www.atletica75.it\/?p=3720"},"modified":"2015-12-28T18:53:36","modified_gmt":"2015-12-28T18:53:36","slug":"la-tradizione-vuole-che-ci-si-tuffi-di-corsa-nel-2016","status":"publish","type":"post","link":"https:\/\/www.atletica75.it\/wp2\/2015\/12\/28\/la-tradizione-vuole-che-ci-si-tuffi-di-corsa-nel-2016\/","title":{"rendered":"La tradizione vuole che&#8230;ci si tuffi di corsa nel 2016"},"content":{"rendered":"<p><a href=\"https:\/\/www.atletica75.it\/wp2\/wp-content\/uploads\/2015\/12\/Un-tuffo-nel-2016.jpg\" rel=\"attachment wp-att-3719\"><img decoding=\"async\" loading=\"lazy\" class=\"alignleft size-medium wp-image-3719\" src=\"https:\/\/www.atletica75.it\/wp2\/wp-content\/uploads\/2015\/12\/Un-tuffo-nel-2016-222x300.jpg\" alt=\"Un tuffo nel 2016\" width=\"222\" height=\"300\" \/><\/a>Consueto appuntamento con il bagno propizio del <strong>1<\/strong> <strong>gennaio<\/strong> nel fronte mare della spiaggia libera &#8220;Kursaal&#8221;, ad un passo dalla meravigliosa piazza <strong>1^<\/strong> <strong>maggio<\/strong> che la sera prima ospiter\u00e0 danze e canti sul proprio palco e che applaudir\u00e0 il nuovo anno dal <strong>primo<\/strong> <strong>minuto<\/strong>. Ma questo numero 1 porter\u00e0 mica fortuna??!! Noi la acchiapperemo di corsa!!!<\/p>\n<p>Info: ritrovo Piazza 1^ maggio ore 9,00 &#8211; corsetta ore 10,00 &#8211; bagno ore 11,00<\/p>\n<p>Un immenso augurio a tutti dall&#8217;Atletica 75.<\/p>\n","protected":false},"excerpt":{"rendered":"<p>Consueto appuntamento con il bagno propizio del 1 gennaio nel fronte mare della spiaggia libera &#8220;Kursaal&#8221;, ad un passo dalla meravigliosa piazza 1^ maggio che la sera prima ospiter\u00e0 danze e canti sul proprio palco e che applaudir\u00e0 il nuovo anno dal primo minuto. Ma questo numero 1 porter\u00e0 mica fortuna??!! Noi la acchiapperemo di [&hellip;]<\/p>\n","protected":false},"author":2,"featured_media":0,"comment_status":"closed","ping_status":"open","sticky":false,"template":"","format":"standard","meta":{"_et_pb_use_builder":"","_et_pb_old_content":"","_et_gb_content_width":"","footnotes":""},"categories":[21,14],"tags":[],"_links":{"self":[{"href":"https:\/\/www.atletica75.it\/wp2\/wp-json\/wp\/v2\/posts\/3720"}],"collection":[{"href":"https:\/\/www.atletica75.it\/wp2\/wp-json\/wp\/v2\/posts"}],"about":[{"href":"https:\/\/www.atletica75.it\/wp2\/wp-json\/wp\/v2\/types\/post"}],"author":[{"embeddable":true,"href":"https:\/\/www.atletica75.it\/wp2\/wp-json\/wp\/v2\/users\/2"}],"replies":[{"embeddable":true,"href":"https:\/\/www.atletica75.it\/wp2\/wp-json\/wp\/v2\/comments?post=3720"}],"version-history":[{"count":0,"href":"https:\/\/www.atletica75.it\/wp2\/wp-json\/wp\/v2\/posts\/3720\/revisions"}],"wp:attachment":[{"href":"https:\/\/www.atletica75.it\/wp2\/wp-json\/wp\/v2\/media?parent=3720"}],"wp:term":[{"taxonomy":"category","embeddable":true,"href":"https:\/\/www.atletica75.it\/wp2\/wp-json\/wp\/v2\/categories?post=3720"},{"taxonomy":"post_tag","embeddable":true,"href":"https:\/\/www.atletica75.it\/wp2\/wp-json\/wp\/v2\/tags?post=3720"}],"curies":[{"name":"wp","href":"https:\/\/api.w.org\/{rel}","templated":true}]}}