{"id":3740,"date":"2016-01-02T15:18:48","date_gmt":"2016-01-02T15:18:48","guid":{"rendered":"http:\/\/www.atletica75.it\/?p=3740"},"modified":"2016-01-02T15:18:48","modified_gmt":"2016-01-02T15:18:48","slug":"al-via-lennesima-stagione-agonistica-al-coperto","status":"publish","type":"post","link":"https:\/\/www.atletica75.it\/wp2\/2016\/01\/02\/al-via-lennesima-stagione-agonistica-al-coperto\/","title":{"rendered":"Al via l&#8217;ennesima stagione agonistica al coperto"},"content":{"rendered":"<p><a href=\"https:\/\/www.atletica75.it\/wp2\/wp-content\/uploads\/2016\/01\/4_palaindoor-2016.jpg\" rel=\"attachment wp-att-3741\"><img decoding=\"async\" loading=\"lazy\" class=\"alignleft size-medium wp-image-3741\" src=\"https:\/\/www.atletica75.it\/wp2\/wp-content\/uploads\/2016\/01\/4_palaindoor-2016-300x202.jpg\" alt=\"4_palaindoor 2016\" width=\"300\" height=\"202\" \/><\/a>Calendari alla mano, il fine settimana del 9\/10 gennaio dar\u00e0 ufficialmente inizio alla tanto attesa stagione in sala. Ancona sar\u00e0 ancora una volta il tempio dell&#8217;atletica indoor e ospiter\u00e0 nel meraviglioso Palaindoor di Via della Montagnola migliaia e migliaia di atleti di tutta Italia. Chi gi\u00e0 alla ricerca di risultati di valore nelle rassegne nazionali che assegnano i titolo di &#8220;Campione Italiano Indoor&#8221;, chi a cercare segnali\u00a0positivi\u00a0di <!--more-->conferma nella lunga ed estenuante preparazione invernale e chi, semplicemente, a combattere la monotonia e la temperatura dei mesi freddi. Insomma, tanti obiettivi diversi per altrettanti atleti assetati di migliorare s\u00e9 stessi prima di tutto.<\/p>\n<p>L&#8217;Atletica 75 non mancher\u00e0 di certo nei giorni pi\u00f9 importanti: alcuni biancazzurri hanno gi\u00e0 ottenuto i minimi richiesti per partecipare ai Campionati Italiani, altri se lo devono conquistare e altri ancora non vedono l&#8217;ora di abbattere il proprio record personale nella velocit\u00e0 e nei salti. L&#8217;attesa \u00e8 fremente ma tutti sono consapevoli che gennaio e febbraio sono due mesi &#8220;di passaggio&#8221; per testare la condizione fisica e tarare gli obiettivi per la stagione all&#8217;aperto, vero banco di prova dell&#8217;atletica leggera.<\/p>\n<p>A tutto gas ragazzi !!!<\/p>\n","protected":false},"excerpt":{"rendered":"<p>Calendari alla mano, il fine settimana del 9\/10 gennaio dar\u00e0 ufficialmente inizio alla tanto attesa stagione in sala. Ancona sar\u00e0 ancora una volta il tempio dell&#8217;atletica indoor e ospiter\u00e0 nel meraviglioso Palaindoor di Via della Montagnola migliaia e migliaia di atleti di tutta Italia. Chi gi\u00e0 alla ricerca di risultati di valore nelle rassegne nazionali [&hellip;]<\/p>\n","protected":false},"author":2,"featured_media":0,"comment_status":"closed","ping_status":"open","sticky":false,"template":"","format":"standard","meta":{"_et_pb_use_builder":"","_et_pb_old_content":"","_et_gb_content_width":"","footnotes":""},"categories":[10],"tags":[],"_links":{"self":[{"href":"https:\/\/www.atletica75.it\/wp2\/wp-json\/wp\/v2\/posts\/3740"}],"collection":[{"href":"https:\/\/www.atletica75.it\/wp2\/wp-json\/wp\/v2\/posts"}],"about":[{"href":"https:\/\/www.atletica75.it\/wp2\/wp-json\/wp\/v2\/types\/post"}],"author":[{"embeddable":true,"href":"https:\/\/www.atletica75.it\/wp2\/wp-json\/wp\/v2\/users\/2"}],"replies":[{"embeddable":true,"href":"https:\/\/www.atletica75.it\/wp2\/wp-json\/wp\/v2\/comments?post=3740"}],"version-history":[{"count":0,"href":"https:\/\/www.atletica75.it\/wp2\/wp-json\/wp\/v2\/posts\/3740\/revisions"}],"wp:attachment":[{"href":"https:\/\/www.atletica75.it\/wp2\/wp-json\/wp\/v2\/media?parent=3740"}],"wp:term":[{"taxonomy":"category","embeddable":true,"href":"https:\/\/www.atletica75.it\/wp2\/wp-json\/wp\/v2\/categories?post=3740"},{"taxonomy":"post_tag","embeddable":true,"href":"https:\/\/www.atletica75.it\/wp2\/wp-json\/wp\/v2\/tags?post=3740"}],"curies":[{"name":"wp","href":"https:\/\/api.w.org\/{rel}","templated":true}]}}