{"id":3758,"date":"2016-01-12T13:33:50","date_gmt":"2016-01-12T13:33:50","guid":{"rendered":"http:\/\/www.atletica75.it\/?p=3758"},"modified":"2016-01-12T13:33:50","modified_gmt":"2016-01-12T13:33:50","slug":"lesordio-indoor-risultati","status":"publish","type":"post","link":"https:\/\/www.atletica75.it\/wp2\/2016\/01\/12\/lesordio-indoor-risultati\/","title":{"rendered":"L&#8217;esordio indoor &#8211; Risultati"},"content":{"rendered":"<p>[singlepic id=1031 w= h= float=left]Bell&#8217;esordio per i nostri colori alla prima rassegna agonistica al coperto ad Ancona il 9 gennaio. Il meeting nel capoluogo dorico \u00e8 partito con i fuochi d&#8217;artificio. Nel pentathlon categoria Allievi, Enrico Pani giunge secondo con 2863 punti, 100 punti in meno del vincitore. Quel che conta sono i segnali positivi in quattro gare su cinque e la ripresa di <!--more-->motivazioni dopo un periodo difficile. Lo score gli d\u00e0 il diritto di partecipare agli Italiani di Prove Multiple in programma a Padova a fine gennaio.<\/p>\n<p>I 400isti Niccol\u00f2 Battistelli e Federico Cerri si difendono con le unghie nel doppio giro di pista. Niccol\u00f2 d\u00e0 spettacolo fino ai 250 metri poi arriva arrancando al traguardo (1&#8217;04&#8243;17), errore di gestione ritmica il suo. Federico invece corre in 57&#8243;14 abbattendo di due secondi il suo personale! Ottimi presupposti per le gare a venire.<\/p>\n<p>Sui 60 metri il gruppo dei velocisti si fa valere alla grande. Alessandro Temellini si avvicina al minimo per i Campionati Italiani con 7&#8243;35 (7&#8243;32 il limite fissato) con un progresso notevole rispetto al 2015. Michela Massari, reduce da un autunno di infortuni dimostra forma ritrovata e fa registrare portentoso per lei 8&#8243;05. Eco ridotto per Luca Orecchini che non riesce a tirare fuori la sua tecnica migliorata e finisce con i crampi la sua prova (7&#8243;50). Poco meglio Francesca Lorenzi che chiude in finale con 8&#8243;32 e fatica ad esprimersi sui reali livelli. Lavoro di convincimento necessario per entrambi. Chi apre col botto \u00e8 Alex Pagnini che brucia tutti e chiude con il &#8220;tempone&#8221; di 6&#8243;90 che gli regala la massima vetrina italiana, gli Assoluti del 5 di marzo. Partenza pulita e accelerazione impressionante. Il bello deve ancora venire sulle altre distanze.<\/p>\n<p>Filippo Simoncelli salta 1.70 nell&#8217;alto e non trova il giusto feeling con la rincorsa. Troppi alti e bassi ancora per lui. Ma l&#8217;1 e 80 non \u00e8 affatto distante.<\/p>\n","protected":false},"excerpt":{"rendered":"<p>[singlepic id=1031 w= h= float=left]Bell&#8217;esordio per i nostri colori alla prima rassegna agonistica al coperto ad Ancona il 9 gennaio. Il meeting nel capoluogo dorico \u00e8 partito con i fuochi d&#8217;artificio. Nel pentathlon categoria Allievi, Enrico Pani giunge secondo con 2863 punti, 100 punti in meno del vincitore. Quel che conta sono i segnali positivi [&hellip;]<\/p>\n","protected":false},"author":2,"featured_media":0,"comment_status":"closed","ping_status":"open","sticky":false,"template":"","format":"standard","meta":{"_et_pb_use_builder":"","_et_pb_old_content":"","_et_gb_content_width":"","footnotes":""},"categories":[10],"tags":[],"_links":{"self":[{"href":"https:\/\/www.atletica75.it\/wp2\/wp-json\/wp\/v2\/posts\/3758"}],"collection":[{"href":"https:\/\/www.atletica75.it\/wp2\/wp-json\/wp\/v2\/posts"}],"about":[{"href":"https:\/\/www.atletica75.it\/wp2\/wp-json\/wp\/v2\/types\/post"}],"author":[{"embeddable":true,"href":"https:\/\/www.atletica75.it\/wp2\/wp-json\/wp\/v2\/users\/2"}],"replies":[{"embeddable":true,"href":"https:\/\/www.atletica75.it\/wp2\/wp-json\/wp\/v2\/comments?post=3758"}],"version-history":[{"count":0,"href":"https:\/\/www.atletica75.it\/wp2\/wp-json\/wp\/v2\/posts\/3758\/revisions"}],"wp:attachment":[{"href":"https:\/\/www.atletica75.it\/wp2\/wp-json\/wp\/v2\/media?parent=3758"}],"wp:term":[{"taxonomy":"category","embeddable":true,"href":"https:\/\/www.atletica75.it\/wp2\/wp-json\/wp\/v2\/categories?post=3758"},{"taxonomy":"post_tag","embeddable":true,"href":"https:\/\/www.atletica75.it\/wp2\/wp-json\/wp\/v2\/tags?post=3758"}],"curies":[{"name":"wp","href":"https:\/\/api.w.org\/{rel}","templated":true}]}}