{"id":3769,"date":"2016-01-24T18:48:34","date_gmt":"2016-01-24T18:48:34","guid":{"rendered":"http:\/\/www.atletica75.it\/?p=3769"},"modified":"2016-01-24T18:48:34","modified_gmt":"2016-01-24T18:48:34","slug":"2-e-3-fine-settimana-di-gare-ad-ancona-risultati","status":"publish","type":"post","link":"https:\/\/www.atletica75.it\/wp2\/2016\/01\/24\/2-e-3-fine-settimana-di-gare-ad-ancona-risultati\/","title":{"rendered":"2^ e 3^ fine settimana di gare ad Ancona &#8211; Risultati"},"content":{"rendered":"<p><strong>[singlepic id=1032 w= h= float=left]Domenica 17 gennaio<\/strong> tanti cattolichini al Palaindoor di Ancona. In mattinata le categorie ragazzi e cadetti (dagli 11 ai 15 anni) si sono cimentati con corse (60 e 600), salti (alto e lungo) e lanci (getto del peso). <!--more-->Molti giovanissimi hanno &#8220;pagato&#8221; la loro prima volta con l&#8217;emozione. Alcuni col tremolio delle gambe dietro ai blocchi di partenza e\u00a0lungo la pedana dei salti, altri sgomitando a fatica sulle curve paraboliche dell&#8217;anello dei 600 metri. I veterani gi\u00e0 rodati hanno per\u00f2 aiutato i neofiti a misurare le rincorse, a riscaldarsi con il peso da 2 kg e a gestire i tempi di attesa tra una prova e l&#8217;altra. Una vittoria dell&#8217;autonomia e della solidariet\u00e0 di squadra!!! Podi, posizionamenti in classifica, qualche controprestazione, questo il bottino della spedizione Atletica 75 che il 31 gennaio prossimo si batter\u00e0 di nuovo nel capoluogo dell&#8217;atletica invernale nazionale.<\/p>\n<p>Il pomeriggio i pi\u00f9 grandi (da 16 anni in avanti) hanno confermato il loro stato di forma che progredisce di settimana in settimana nonostante gli allenamenti gelidi di questo periodo limitano i mezzi di allenamento e le intensit\u00e0 di lavoro. Velocit\u00e0, ostacoli e prove multiple sugli scudi (Enrico Pani e Michela Massari hanno confermato il minimo per i campionati Italiani Allievi), salto con l&#8217;asta turbolento con qualche influenza di troppo, piccoli infortuni e assenze giustificate. Salti in estensione (lungo e triplo) con qualche barlume di speranza dopo un periodo lungo di blocco.<\/p>\n<p><strong>Domenica 24 gennaio<\/strong>\u00a0sono Niccol\u00f2 Battistelli e Alessandro Temellini che si presentano sulla pedana del salto in lungo e sui blocchi dei 60 metri. Gli altri a riposo. Ale appare subito molto concentrato e non pi\u00f9 timoroso come il fine settimana precedente; la sua voglia di riscatto si intravede da uno sguardo agguerrito come ai tempi migliori. Fatica un p\u00f2 sui 60 (7&#8243;42), ha gi\u00e0 la testa in pedana. Tre salti di qualificazione nervosi poi la luce, la sua rincorsa si fa fluida e pi\u00f9 spavalda, certo, dopo lo stacco \u00e8 tutto da rivedere ma quell&#8217;ultima parte di rincorsa \u00e8 quella dei tempi d&#8217;oro. &#8220;Mi sento molto bene, quasi da Dio&#8221; le sue parole sono a dir poco incoraggianti. Niccol\u00f2 spinge forte dai blocchi e incrocia una bella partenza, si presenta davanti ai 30 metri, poi viene risucchiato a causa della rigidit\u00e0 nell&#8217;azione di corsa, soprattutto la parte superiore, queste braccia che aiutano poco l&#8217;avanzamento nella fase lanciata. C&#8217;\u00e8 da lavorare e tanto.<\/p>\n<p>Risultati completi su fidalmarche.com , sezione Calendario e Risultati selezionando &#8220;Livello regionale &#8211; Regione Marche &#8211; Tipologia Indoor &#8211; Data corrispondente&#8221;<\/p>\n","protected":false},"excerpt":{"rendered":"<p>[singlepic id=1032 w= h= float=left]Domenica 17 gennaio tanti cattolichini al Palaindoor di Ancona. In mattinata le categorie ragazzi e cadetti (dagli 11 ai 15 anni) si sono cimentati con corse (60 e 600), salti (alto e lungo) e lanci (getto del peso).<\/p>\n","protected":false},"author":2,"featured_media":0,"comment_status":"closed","ping_status":"open","sticky":false,"template":"","format":"standard","meta":{"_et_pb_use_builder":"","_et_pb_old_content":"","_et_gb_content_width":"","footnotes":""},"categories":[10],"tags":[],"_links":{"self":[{"href":"https:\/\/www.atletica75.it\/wp2\/wp-json\/wp\/v2\/posts\/3769"}],"collection":[{"href":"https:\/\/www.atletica75.it\/wp2\/wp-json\/wp\/v2\/posts"}],"about":[{"href":"https:\/\/www.atletica75.it\/wp2\/wp-json\/wp\/v2\/types\/post"}],"author":[{"embeddable":true,"href":"https:\/\/www.atletica75.it\/wp2\/wp-json\/wp\/v2\/users\/2"}],"replies":[{"embeddable":true,"href":"https:\/\/www.atletica75.it\/wp2\/wp-json\/wp\/v2\/comments?post=3769"}],"version-history":[{"count":0,"href":"https:\/\/www.atletica75.it\/wp2\/wp-json\/wp\/v2\/posts\/3769\/revisions"}],"wp:attachment":[{"href":"https:\/\/www.atletica75.it\/wp2\/wp-json\/wp\/v2\/media?parent=3769"}],"wp:term":[{"taxonomy":"category","embeddable":true,"href":"https:\/\/www.atletica75.it\/wp2\/wp-json\/wp\/v2\/categories?post=3769"},{"taxonomy":"post_tag","embeddable":true,"href":"https:\/\/www.atletica75.it\/wp2\/wp-json\/wp\/v2\/tags?post=3769"}],"curies":[{"name":"wp","href":"https:\/\/api.w.org\/{rel}","templated":true}]}}