{"id":377,"date":"2010-09-30T22:28:04","date_gmt":"2010-09-30T22:28:04","guid":{"rendered":"http:\/\/www.atletica75.it\/?p=377"},"modified":"2010-09-30T22:28:04","modified_gmt":"2010-09-30T22:28:04","slug":"cattolica-trieste-ar","status":"publish","type":"post","link":"https:\/\/www.atletica75.it\/wp2\/2010\/09\/30\/cattolica-trieste-ar\/","title":{"rendered":"Cattolica &#8211; Trieste A\/R"},"content":{"rendered":"<p><img decoding=\"async\" loading=\"lazy\" class=\"ngg-singlepic ngg-left alignright\" src=\"http:\/\/www.atletica75.it\/wp-content\/gallery\/trieste-2010-allenamento-collegiale\/img_0574.jpg\" alt=\"img_0574\" width=\"288\" height=\"216\" \/><\/p>\n<p style=\"text-align: left;\">Luned\u00ec 30 Agosto 2010 h. 05.32 : &#8220;<em>E&#8217; in arrivo da Ancona il treno diretto per&#8230;&#8230;&#8221; <\/em>, \u00e8 cos\u00ec che ha inizio la nostra avventura per Trieste. Un collegiale di allenamento di 4 giorni, un&#8217; esperienza ricca di emozioni e di duro lavoro!!<\/p>\n<p style=\"text-align: left;\">Un esperienza che ha coinvolto le ginnaste dell&#8217;Atletica 75 (Elisa,Giorgia, Giulia, Jessica e Martina) e le insegnanti (Milena e Vania). Giunte a destinazione, il lungo viaggio non ha tolto l&#8217;entusiasmo di entrare in quel che \u00e8 stato il Polo Tecnico Nazionale di ginnastica artistica femminile, palestra di preparazione olimpionica.<\/p>\n<p style=\"text-align: left;\">Disfatte le valigie, letti fatti, body indossato ed eccoci pronte per affrontare \u00a0il primo allenamento.<br \/>\nConoscere i Tecnici Diego Pecar e Teresa Macr\u00ec \u00e8 stato un arricchimento a livello di insegnamento non indifferente.<br \/>\nPer le nostre ragazze, conoscere \u00a0e confrontarsi con altre ginnaste \u00e8 stato positivo, in pi\u00f9 non \u00e8 mancata l&#8217;occasione di conoscere le due ragazze olimpioniche Federica Macr\u00ec e Francesca Benolli.<br \/>\nPer le ragazze gli allenamenti non sono stati sempre facili, non essendo abituate a ritmi cos\u00ec serrati, ma hanno stretto i denti e alla fine sono rimaste soddisfatte pensando di ripetere l&#8217;esperienza l&#8217;anno prossimo e magari anche di una settimana. In questi quattro giorni, poi, non \u00e8 mancata l&#8217;occasione di visitare l&#8217;affascinante citt\u00e0 di Trieste.<\/p>\n<p style=\"text-align: left;\">Beh, il 2 Agosto 2010 \u00e8 arrivato in un &#8220;batter d&#8217;occhio&#8221; in stazione alle ore 15.44 gli altoparlanti dicevano &#8220;<em>E&#8217; in partenza da Triste il treno diretto per&#8230;..Cattolica&#8221; <\/em>, cos\u00ec abbiamo salutato Trieste e L&#8217;Artistica 81 dicendo: &#8220;<em>Arrivederci&#8221;<\/em><\/p>\n<p style=\"text-align: left;\">\n<p style=\"text-align: left;\"><em>[nggallery id=15]<\/em><\/p>\n","protected":false},"excerpt":{"rendered":"<p>Luned\u00ec 30 Agosto 2010 h. 05.32 : &#8220;E&#8217; in arrivo da Ancona il treno diretto per&#8230;&#8230;&#8221; , \u00e8 cos\u00ec che ha inizio la nostra avventura per Trieste. Un collegiale di allenamento di 4 giorni, un&#8217; esperienza ricca di emozioni e di duro lavoro!! Un esperienza che ha coinvolto le ginnaste dell&#8217;Atletica 75 (Elisa,Giorgia, Giulia, Jessica [&hellip;]<\/p>\n","protected":false},"author":3,"featured_media":0,"comment_status":"closed","ping_status":"open","sticky":false,"template":"","format":"standard","meta":{"_et_pb_use_builder":"","_et_pb_old_content":"","_et_gb_content_width":"","footnotes":""},"categories":[13],"tags":[],"_links":{"self":[{"href":"https:\/\/www.atletica75.it\/wp2\/wp-json\/wp\/v2\/posts\/377"}],"collection":[{"href":"https:\/\/www.atletica75.it\/wp2\/wp-json\/wp\/v2\/posts"}],"about":[{"href":"https:\/\/www.atletica75.it\/wp2\/wp-json\/wp\/v2\/types\/post"}],"author":[{"embeddable":true,"href":"https:\/\/www.atletica75.it\/wp2\/wp-json\/wp\/v2\/users\/3"}],"replies":[{"embeddable":true,"href":"https:\/\/www.atletica75.it\/wp2\/wp-json\/wp\/v2\/comments?post=377"}],"version-history":[{"count":0,"href":"https:\/\/www.atletica75.it\/wp2\/wp-json\/wp\/v2\/posts\/377\/revisions"}],"wp:attachment":[{"href":"https:\/\/www.atletica75.it\/wp2\/wp-json\/wp\/v2\/media?parent=377"}],"wp:term":[{"taxonomy":"category","embeddable":true,"href":"https:\/\/www.atletica75.it\/wp2\/wp-json\/wp\/v2\/categories?post=377"},{"taxonomy":"post_tag","embeddable":true,"href":"https:\/\/www.atletica75.it\/wp2\/wp-json\/wp\/v2\/tags?post=377"}],"curies":[{"name":"wp","href":"https:\/\/api.w.org\/{rel}","templated":true}]}}