{"id":3808,"date":"2016-02-12T14:52:05","date_gmt":"2016-02-12T14:52:05","guid":{"rendered":"http:\/\/www.atletica75.it\/?p=3808"},"modified":"2016-02-12T14:52:05","modified_gmt":"2016-02-12T14:52:05","slug":"torneo-allieve-fgi-1-prova","status":"publish","type":"post","link":"https:\/\/www.atletica75.it\/wp2\/2016\/02\/12\/torneo-allieve-fgi-1-prova\/","title":{"rendered":"Torneo Allieve FGI &#8211; 1^ prova"},"content":{"rendered":"<p>[singlepic id=1035 w= h= float=left]Domenica 7 febbraio a Cesena nella palestra Renato Serra si \u00e8 disputata la prima prova regionale FGI del Torneo Allieve.\u00a0In campo gara per l&#8217;Atletica 75 Alessia Bontempi e Maioli Nausicaa (alla sua prima esperienza in questa categoria); a causa di un infortunio scolastico Elisa Ortolani lascia orfana del terzo elemento la\u00a0squadra&#8230;.ma il suo <!--more-->tifo a bordo pedana \u00e8 instancabile, il terzo elemento ha gareggiato da bordo campo!<\/p>\n<p>Per Alessia non \u00e8 stato uno dei giorni migliori.\u00a0Inizia con un corpo libero impreciso, affronta poi il volteggio con grinta e si porta a casa un punteggio altissimo e regge il confronto alle parallele. Quando tutto sembra risolversi per il meglio arriva la trave, l&#8217;attrezzo che non perdona le indecisioni e la titubanza, occorre gestirla &#8220;di petto&#8221; come si dice. Peccato davvero che\u00a0quel bel recupero non abbia avuto seguito. Alessia si distingue sempre per la solarit\u00e0 in ogni situazione, il suo sorriso \u00e8 contagioso. Dimostra di possedere anche gli elementi tecnici giusti per farsi valere, il lavoro deve mirare ad una concentrazione maggiore.<\/p>\n<p>Nausicaa gestisce una gara regolare, non si fa prendere dall&#8217;emozione, si mostra grintosa e concentrata. Attrezzi eseguiti bene con discreta continuit\u00e0. Non \u00e8 mancata certo qualche sbavatura ma il punteggio \u00e8 stato onorevole. Impavida e abbastanza serena, queste le sue doti.<\/p>\n<p>Nella classifica finale a squadre (regionale) l&#8217;Atletica 75 chiude\u00a0a met\u00e0 elenco. Era prevista anche una ulteriore classifica per le bimbe classe 2006, le pi\u00f9 piccole e alla prima esperienza: Nausicaa finisce al 5 posto. Meritato.<\/p>\n<div><\/div>\n","protected":false},"excerpt":{"rendered":"<p>[singlepic id=1035 w= h= float=left]Domenica 7 febbraio a Cesena nella palestra Renato Serra si \u00e8 disputata la prima prova regionale FGI del Torneo Allieve.\u00a0In campo gara per l&#8217;Atletica 75 Alessia Bontempi e Maioli Nausicaa (alla sua prima esperienza in questa categoria); a causa di un infortunio scolastico Elisa Ortolani lascia orfana del terzo elemento la\u00a0squadra&#8230;.ma [&hellip;]<\/p>\n","protected":false},"author":2,"featured_media":0,"comment_status":"closed","ping_status":"open","sticky":false,"template":"","format":"standard","meta":{"_et_pb_use_builder":"","_et_pb_old_content":"","_et_gb_content_width":"","footnotes":""},"categories":[13],"tags":[],"_links":{"self":[{"href":"https:\/\/www.atletica75.it\/wp2\/wp-json\/wp\/v2\/posts\/3808"}],"collection":[{"href":"https:\/\/www.atletica75.it\/wp2\/wp-json\/wp\/v2\/posts"}],"about":[{"href":"https:\/\/www.atletica75.it\/wp2\/wp-json\/wp\/v2\/types\/post"}],"author":[{"embeddable":true,"href":"https:\/\/www.atletica75.it\/wp2\/wp-json\/wp\/v2\/users\/2"}],"replies":[{"embeddable":true,"href":"https:\/\/www.atletica75.it\/wp2\/wp-json\/wp\/v2\/comments?post=3808"}],"version-history":[{"count":0,"href":"https:\/\/www.atletica75.it\/wp2\/wp-json\/wp\/v2\/posts\/3808\/revisions"}],"wp:attachment":[{"href":"https:\/\/www.atletica75.it\/wp2\/wp-json\/wp\/v2\/media?parent=3808"}],"wp:term":[{"taxonomy":"category","embeddable":true,"href":"https:\/\/www.atletica75.it\/wp2\/wp-json\/wp\/v2\/categories?post=3808"},{"taxonomy":"post_tag","embeddable":true,"href":"https:\/\/www.atletica75.it\/wp2\/wp-json\/wp\/v2\/tags?post=3808"}],"curies":[{"name":"wp","href":"https:\/\/api.w.org\/{rel}","templated":true}]}}