{"id":3836,"date":"2016-03-01T09:41:17","date_gmt":"2016-03-01T09:41:17","guid":{"rendered":"http:\/\/www.atletica75.it\/?p=3836"},"modified":"2016-03-01T09:41:17","modified_gmt":"2016-03-01T09:41:17","slug":"incontro-di-lanci-per-regioni-e-campionati-italiani-assoluti-indoor","status":"publish","type":"post","link":"https:\/\/www.atletica75.it\/wp2\/2016\/03\/01\/incontro-di-lanci-per-regioni-e-campionati-italiani-assoluti-indoor\/","title":{"rendered":"Incontro di lanci per Regioni e Campionati Italiani Assoluti Indoor"},"content":{"rendered":"<p><a href=\"https:\/\/www.atletica75.it\/wp2\/wp-content\/uploads\/2011\/01\/fidal.jpg\" rel=\"attachment wp-att-751\"><img decoding=\"async\" loading=\"lazy\" class=\"alignleft size-medium wp-image-751\" src=\"https:\/\/www.atletica75.it\/wp2\/wp-content\/uploads\/2011\/01\/fidal-300x255.jpg\" alt=\"fidal\" width=\"300\" height=\"255\" \/><\/a>Ampio merito a Vittoria Bacchini e Olivia Maltoni che domenica 6 marzo vestiranno la fluorescente maglia della squadra regionale dell&#8217;Emilia Romagna impegnata\u00a0nell&#8217;incontro tra regioni previsto a Milano al blasonato Campo Saini, evento riservato alla categoria cadetti\/e (under 15). Vittoria lancer\u00e0 il suo disco e Olivia il suo giavellotto. La manifestazione prevede tutte e quattro le specialit\u00e0 del gruppo lanci (martello, giavellotto, peso e disco) ed entreranno in pedana due atleti per ciascuna regione. Prestigiosa e <!--more-->selettiva convocazione dunque, comunque solo l&#8217;inizio di una sana e lunga carriera sportiva.<\/p>\n<p>[singlepic id=1040 w= h= float=left]Sempre il 6 marzo, ad Ancona, ci sar\u00e0 la massima rassegna nazionale al coperto in Italia, gli &#8220;Assoluti&#8221;, la serie A individuale dell&#8217;atletica leggera in sala. Con il completo rosso dell&#8217;Atletica Capanne di Perugia (per cui \u00e8 tesserato dal 2015) scender\u00e0 in pista nei 60 metri piani, la velocit\u00e0 pura, un ragazzo che \u00e8 cresciuto in tutto e per tutto sulla pista di atletica di Via del Partigiano, Alex Pagnini. Il 21enne di Gradara ci rende orgogliosi di questa partecipazione. Tutti su Rai Sport. Al\u00e8 Pagno!<\/p>\n","protected":false},"excerpt":{"rendered":"<p>Ampio merito a Vittoria Bacchini e Olivia Maltoni che domenica 6 marzo vestiranno la fluorescente maglia della squadra regionale dell&#8217;Emilia Romagna impegnata\u00a0nell&#8217;incontro tra regioni previsto a Milano al blasonato Campo Saini, evento riservato alla categoria cadetti\/e (under 15). Vittoria lancer\u00e0 il suo disco e Olivia il suo giavellotto. La manifestazione prevede tutte e quattro le [&hellip;]<\/p>\n","protected":false},"author":2,"featured_media":0,"comment_status":"closed","ping_status":"open","sticky":false,"template":"","format":"standard","meta":{"_et_pb_use_builder":"","_et_pb_old_content":"","_et_gb_content_width":"","footnotes":""},"categories":[10],"tags":[],"_links":{"self":[{"href":"https:\/\/www.atletica75.it\/wp2\/wp-json\/wp\/v2\/posts\/3836"}],"collection":[{"href":"https:\/\/www.atletica75.it\/wp2\/wp-json\/wp\/v2\/posts"}],"about":[{"href":"https:\/\/www.atletica75.it\/wp2\/wp-json\/wp\/v2\/types\/post"}],"author":[{"embeddable":true,"href":"https:\/\/www.atletica75.it\/wp2\/wp-json\/wp\/v2\/users\/2"}],"replies":[{"embeddable":true,"href":"https:\/\/www.atletica75.it\/wp2\/wp-json\/wp\/v2\/comments?post=3836"}],"version-history":[{"count":0,"href":"https:\/\/www.atletica75.it\/wp2\/wp-json\/wp\/v2\/posts\/3836\/revisions"}],"wp:attachment":[{"href":"https:\/\/www.atletica75.it\/wp2\/wp-json\/wp\/v2\/media?parent=3836"}],"wp:term":[{"taxonomy":"category","embeddable":true,"href":"https:\/\/www.atletica75.it\/wp2\/wp-json\/wp\/v2\/categories?post=3836"},{"taxonomy":"post_tag","embeddable":true,"href":"https:\/\/www.atletica75.it\/wp2\/wp-json\/wp\/v2\/tags?post=3836"}],"curies":[{"name":"wp","href":"https:\/\/api.w.org\/{rel}","templated":true}]}}