{"id":3899,"date":"2016-04-11T22:03:22","date_gmt":"2016-04-11T22:03:22","guid":{"rendered":"http:\/\/www.atletica75.it\/?p=3899"},"modified":"2016-04-11T22:03:22","modified_gmt":"2016-04-11T22:03:22","slug":"il-pieno-di-ginnastica-nel-week-end","status":"publish","type":"post","link":"https:\/\/www.atletica75.it\/wp2\/2016\/04\/11\/il-pieno-di-ginnastica-nel-week-end\/","title":{"rendered":"Il pieno di ginnastica nel week end"},"content":{"rendered":"<p><em><strong>[singlepic id=1049 w= h= float=left] \u00a01 categoria Uisp allieve e junior &#8211; Modena\u00a0<\/strong><\/em><\/p>\n<p>Un sabato da incorniciare per il duo Leardini Chiara e Facondini Margherita quello del 9 di aprile. La prima fase della gara promozionale Uisp per le pi\u00f9 piccole nel mese di febbraio non aveva lasciato intendere che in questo secondo appuntamento ci saremmo alzati &#8220;tutti in piedi sul divano&#8221;. Ed invece la grintosa tranquillit\u00e0 delle due portacolori<!--more--> dell&#8217;Atletica 75 ha sorpreso tutti, sono parse due ginnaste &#8220;finite&#8221; (come direbbero i nonni sportivi romagnoli) con l&#8217;atteggiamento adatto per affrontare tutti gli attrezzi alla grande. Margherita ha conquistato il terzo posto alle tanto agognate parallele con un ritmo esecutivo discreto e una uscita perfetta. Chiara ha fatto di pi\u00f9: seconda posizione nella classifica generale con la dolce ciliegina dell&#8217;oro al corpo libero. Gi\u00e0, un corpo che si \u00e8 liberato di tutta la tensione, un corpo che ha mostrato elementi precisi. Partite in sordina un paio di stagioni orsono le due compagne si sono impegnate con una maturit\u00e0 disarmante per ottenere ci\u00f2 che desiderano dall&#8217;inizio, mettersi al collo una medaglia di uno sport tanto meraviglioso. Il sogno di tutti gli atleti almeno una volta nella vita.<\/p>\n<p><em><strong>[singlepic id=1051 w= h= float=left]Serie B 2 &#8211; Rimini<\/strong><\/em><\/p>\n<p>La domenica, le pi\u00f9 grandi del gruppo agonistico sono state impegnate a Rimini nella seconda fase della Serie B 2 del 2016. Livello molto alto ma c&#8217;era da aspettarselo. L&#8217;Atletica 75 aveva addirittura schierato due squadre per onorare al meglio questa competizione e soprattutto per far fare esperienza ad alcune ginnaste. Infatti Chiara Temellini e Laura Sanchini, le esperte, hanno preso per mano Lucrezia Saioni, Noemi Guidi, Giorgia Castaldo, Elisa Ortolani. La gara purtroppo non \u00e8 stata cos\u00ec regolare come ci si aspettava, troppe incertezze, troppe indecisioni, troppi timori. E&#8217; mancata forse la consapevolezza nei propri mezzi, quei mezzi che, se eseguiti con convinzione, avrebbero portato a scalare qualche posizione in classifica invece di fermarsi al 15^ e al 16^. Lo sport a volte riserva dei paradossi: atleti con tasso tecnico minore ma con una determinazione incredibile tengono a bada atleti con tecnica superiore ma con scarsa convinzione. Forse \u00e8 questione di quella &#8220;magica e pungente luce negli occhi&#8221; che occorre tirare fuori quando si sale su una trave o ci si strofina il magnesio prima della chiamata alle parallele. La luce sta a noi accenderla. \u00a0Non \u00e8 mai troppo tardi.<\/p>\n","protected":false},"excerpt":{"rendered":"<p>[singlepic id=1049 w= h= float=left] \u00a01 categoria Uisp allieve e junior &#8211; Modena\u00a0 Un sabato da incorniciare per il duo Leardini Chiara e Facondini Margherita quello del 9 di aprile. La prima fase della gara promozionale Uisp per le pi\u00f9 piccole nel mese di febbraio non aveva lasciato intendere che in questo secondo appuntamento ci [&hellip;]<\/p>\n","protected":false},"author":2,"featured_media":0,"comment_status":"closed","ping_status":"open","sticky":false,"template":"","format":"standard","meta":{"_et_pb_use_builder":"","_et_pb_old_content":"","_et_gb_content_width":"","footnotes":""},"categories":[13],"tags":[],"_links":{"self":[{"href":"https:\/\/www.atletica75.it\/wp2\/wp-json\/wp\/v2\/posts\/3899"}],"collection":[{"href":"https:\/\/www.atletica75.it\/wp2\/wp-json\/wp\/v2\/posts"}],"about":[{"href":"https:\/\/www.atletica75.it\/wp2\/wp-json\/wp\/v2\/types\/post"}],"author":[{"embeddable":true,"href":"https:\/\/www.atletica75.it\/wp2\/wp-json\/wp\/v2\/users\/2"}],"replies":[{"embeddable":true,"href":"https:\/\/www.atletica75.it\/wp2\/wp-json\/wp\/v2\/comments?post=3899"}],"version-history":[{"count":0,"href":"https:\/\/www.atletica75.it\/wp2\/wp-json\/wp\/v2\/posts\/3899\/revisions"}],"wp:attachment":[{"href":"https:\/\/www.atletica75.it\/wp2\/wp-json\/wp\/v2\/media?parent=3899"}],"wp:term":[{"taxonomy":"category","embeddable":true,"href":"https:\/\/www.atletica75.it\/wp2\/wp-json\/wp\/v2\/categories?post=3899"},{"taxonomy":"post_tag","embeddable":true,"href":"https:\/\/www.atletica75.it\/wp2\/wp-json\/wp\/v2\/tags?post=3899"}],"curies":[{"name":"wp","href":"https:\/\/api.w.org\/{rel}","templated":true}]}}