{"id":3934,"date":"2016-05-02T13:02:51","date_gmt":"2016-05-02T13:02:51","guid":{"rendered":"http:\/\/www.atletica75.it\/?p=3934"},"modified":"2016-05-02T13:02:51","modified_gmt":"2016-05-02T13:02:51","slug":"il-30-aprile-il-meeting-interfacolta-a-bologna","status":"publish","type":"post","link":"https:\/\/www.atletica75.it\/wp2\/2016\/05\/02\/il-30-aprile-il-meeting-interfacolta-a-bologna\/","title":{"rendered":"Il 30 aprile il meeting &#8220;Interfacolt\u00e0&#8221; a Bologna"},"content":{"rendered":"<p>[singlepic id=1054 w= h= float=left]<\/p>\n<p>&#8220;Giornata bagnata, giornata fortunata&#8221;. Il motto ha rispettato in pieno gli auspici. Nonostante le condizioni proibitive soprattutto per i velocisti e ostacolisti Luca Orecchini ed Enrico Pani (2.5 metri al secondo di vento contrario!) che hanno dovuto accontentarsi di un buon allenamento di intensit\u00e0, le altre gare hanno riservato belle emozioni. Nei 200 metri doppio record personale per Fedi Cerri e Nico Batti, sesta serie dominata dai nostri portacolori (1^ e 2^ rispettivamente). Nel salto in lungo rinasce Ale Teme che con un balzo di 6,20 ritrova la sua naturale tecnica di salto, la stagione \u00e8 appena iniziata e ci sar\u00e0 tempo per andare ancora pi\u00f9 lontano. In attesa del clima giusto per l&#8217;atletica all&#8217;aperto si continua rifinire tecnica e preparazione fisica.<\/p>\n","protected":false},"excerpt":{"rendered":"<p>[singlepic id=1054 w= h= float=left] &#8220;Giornata bagnata, giornata fortunata&#8221;. Il motto ha rispettato in pieno gli auspici. Nonostante le condizioni proibitive soprattutto per i velocisti e ostacolisti Luca Orecchini ed Enrico Pani (2.5 metri al secondo di vento contrario!) che hanno dovuto accontentarsi di un buon allenamento di intensit\u00e0, le altre gare hanno riservato belle [&hellip;]<\/p>\n","protected":false},"author":2,"featured_media":0,"comment_status":"closed","ping_status":"open","sticky":false,"template":"","format":"standard","meta":{"_et_pb_use_builder":"","_et_pb_old_content":"","_et_gb_content_width":"","footnotes":""},"categories":[10],"tags":[],"_links":{"self":[{"href":"https:\/\/www.atletica75.it\/wp2\/wp-json\/wp\/v2\/posts\/3934"}],"collection":[{"href":"https:\/\/www.atletica75.it\/wp2\/wp-json\/wp\/v2\/posts"}],"about":[{"href":"https:\/\/www.atletica75.it\/wp2\/wp-json\/wp\/v2\/types\/post"}],"author":[{"embeddable":true,"href":"https:\/\/www.atletica75.it\/wp2\/wp-json\/wp\/v2\/users\/2"}],"replies":[{"embeddable":true,"href":"https:\/\/www.atletica75.it\/wp2\/wp-json\/wp\/v2\/comments?post=3934"}],"version-history":[{"count":0,"href":"https:\/\/www.atletica75.it\/wp2\/wp-json\/wp\/v2\/posts\/3934\/revisions"}],"wp:attachment":[{"href":"https:\/\/www.atletica75.it\/wp2\/wp-json\/wp\/v2\/media?parent=3934"}],"wp:term":[{"taxonomy":"category","embeddable":true,"href":"https:\/\/www.atletica75.it\/wp2\/wp-json\/wp\/v2\/categories?post=3934"},{"taxonomy":"post_tag","embeddable":true,"href":"https:\/\/www.atletica75.it\/wp2\/wp-json\/wp\/v2\/tags?post=3934"}],"curies":[{"name":"wp","href":"https:\/\/api.w.org\/{rel}","templated":true}]}}